{"id":11950,"date":"2014-04-14T17:02:04","date_gmt":"2014-04-14T20:02:04","guid":{"rendered":"http:\/\/www.cordobatimes.com\/deportes\/?p=11950"},"modified":"2014-04-15T09:12:23","modified_gmt":"2014-04-15T12:12:23","slug":"analisis-de-los-candidatos-cuarta-entrega-italia","status":"publish","type":"post","link":"https:\/\/www.cordobatimes.com\/deportes\/futbol\/2014\/04\/14\/analisis-de-los-candidatos-cuarta-entrega-italia\/","title":{"rendered":"An\u00e1lisis de los candidatos. Cuarta entrega: Italia"},"content":{"rendered":"<h3><strong><a href=\"http:\/\/www.cordobatimes.com\/deportes\/wp-content\/uploads\/2014\/04\/ITALIA-SELECCION-2.jpg\"><img loading=\"lazy\" decoding=\"async\" class=\" wp-image-11951 aligncenter\" alt=\"ITALIA-SELECCION-2\" src=\"http:\/\/www.cordobatimes.com\/deportes\/wp-content\/uploads\/2014\/04\/ITALIA-SELECCION-2.jpg\" width=\"630\" height=\"400\" data-id=\"11951\" \/><\/a><\/strong><\/h3>\n<h3><strong>La Azzurra, conocida as\u00ed debido al color hist\u00f3rico de su uniforme de competici\u00f3n, es el 2do conjunto m\u00e1s ganador de la Copa del Mundo, detr\u00e1s de Brasil con 4 torneos.<\/strong><\/h3>\n<p>&nbsp;<\/p>\n<p>En Alemania 2006 consigui\u00f3 su \u00faltimo gran t\u00edtulo derrotando a Francia en la tanda de los penales, teniendo a Fabio Cannavaro como la figura de ese Mundial.<\/p>\n<p>El seleccionado italiano es conducido por Cesare Prandelli, quien ha cambiado el eterno juego resultadista que\u00a0 los caracterizaba, para darle rienda suelta a una propuesta atractiva de tenencia de bal\u00f3n y ataque. Altura, ambici\u00f3n y desbordes tambi\u00e9n son parte de sus estrategias.<\/p>\n<p>Suele pararse con un l\u00ednea de cuatro, y en partidos cerrados apostar por una defensa de 5 jugadores, que puede mutar a un 3-5-2 con carrileros bien abiertos.<\/p>\n<p><span style=\"text-decoration: underline;\">Figuras<\/span><\/p>\n<p style=\"text-align: center;\">\u00a0\u00a0<a href=\"http:\/\/www.cordobatimes.com\/deportes\/wp-content\/uploads\/2014\/04\/Andrea-Pirlo-Copa-Confederaciones-580x325.jpg\"><img loading=\"lazy\" decoding=\"async\" class=\"wp-image-11954 aligncenter\" alt=\"Andrea-Pirlo-Copa-Confederaciones-580x325\" src=\"http:\/\/www.cordobatimes.com\/deportes\/wp-content\/uploads\/2014\/04\/Andrea-Pirlo-Copa-Confederaciones-580x325.jpg\" width=\"500\" height=\"280\" data-id=\"11954\" srcset=\"https:\/\/www.cordobatimes.com\/deportes\/wp-content\/uploads\/2014\/04\/Andrea-Pirlo-Copa-Confederaciones-580x325.jpg 580w, https:\/\/www.cordobatimes.com\/deportes\/wp-content\/uploads\/2014\/04\/Andrea-Pirlo-Copa-Confederaciones-580x325-300x168.jpg 300w\" sizes=\"auto, (max-width: 500px) 100vw, 500px\" \/><\/a><\/p>\n<p><strong>Andrea Pirlo:<\/strong> \u201cil Proffesore\u201d es el \u00faltimo gran 5, de los que ya no hay. Pegada deliciosa, suave y precisa, puede convertir de tiro libre casi desde cualquier \u00e1ngulo dentro de los 30 metros que rodean al arco, como as\u00ed tambi\u00e9n ejecutar centros y pases largos perfectos.<\/p>\n<p>Debut\u00f3 en el Brescia en 1995, pas\u00f3 por Inter y explot\u00f3 en el Mil\u00e1n de la mano de Carlo Ancelotti, quien a causa de la contrataci\u00f3n del enganche Rui Costa transform\u00f3 a Pirlo en volante central, ya que en sus or\u00edgenes desempe\u00f1aba la funci\u00f3n de media punta.<\/p>\n<p>Actualmente juega y deslumbra en la Juventus al lado de Carlos Tevez.<\/p>\n<p style=\"text-align: center;\"><a href=\"http:\/\/www.cordobatimes.com\/deportes\/wp-content\/uploads\/2014\/04\/20120624092848.jpg\"><img loading=\"lazy\" decoding=\"async\" class=\" wp-image-11953 aligncenter\" alt=\"20120624092848\" src=\"http:\/\/www.cordobatimes.com\/deportes\/wp-content\/uploads\/2014\/04\/20120624092848.jpg\" width=\"500\" height=\"280\" data-id=\"11953\" \/><\/a><\/p>\n<p><strong>Gianluigi Buffon<\/strong><b>: <\/b>hist\u00f3rico arquero que debut\u00f3 a los 17 a\u00f1os defendiendo al Parma, y tiene el record de ser el portero m\u00e1s caro en la historia del futbol mundial, ya que la Juve pag\u00f3 54 millones de euros por su pase en 2001.<\/p>\n<p>Es figura cada vez que la Vecchia Signora est\u00e1 en apuros. Un guardameta seguro, s\u00f3lido y muy capaz a la hora de la definici\u00f3n por penales<\/p>\n<p>finalizar su carrera dejando al seleccionado italiano en lo m\u00e1s alto.<\/p>\n<p style=\"text-align: center;\"><a href=\"http:\/\/www.cordobatimes.com\/deportes\/wp-content\/uploads\/2014\/04\/chiellini_01.jpg\"><img loading=\"lazy\" decoding=\"async\" class=\" wp-image-11955 aligncenter\" alt=\"chiellini_01\" src=\"http:\/\/www.cordobatimes.com\/deportes\/wp-content\/uploads\/2014\/04\/chiellini_01.jpg\" width=\"500\" height=\"280\" data-id=\"11955\" \/><\/a><\/p>\n<p>&nbsp;<\/p>\n<p><strong>Giorgio Chiellini<\/strong>: a pesar de tener 14 a\u00f1os en la 1ra divisi\u00f3n del f\u00fatbol profesional, Giorgio solo tiene 29 a\u00f1os. Sus inicios fueron en el Livorno, luego pas\u00f3 a la Fiorentina y recal\u00f3 finalmente en la Juventus, club en el cual fue suplente hasta el fat\u00eddico descenso en 2006.<\/p>\n<p>A partir de ese momento con el traspaso de Cannavaro y Thuram, quienes no quisieron jugar en la B italiana, Chiellini agarro el puesto y no lo larg\u00f3 mas, convirti\u00e9ndose en un baluarte para la Juve y el seleccionado azzurro.<\/p>\n<p style=\"text-align: center;\"><a href=\"http:\/\/www.cordobatimes.com\/deportes\/wp-content\/uploads\/2014\/04\/60851883_mario_balotelli_italy_afp.jpg\"><img loading=\"lazy\" decoding=\"async\" class=\" wp-image-11952 aligncenter\" alt=\"_60851883_mario_balotelli_italy_afp\" src=\"http:\/\/www.cordobatimes.com\/deportes\/wp-content\/uploads\/2014\/04\/60851883_mario_balotelli_italy_afp.jpg\" width=\"500\" height=\"280\" data-id=\"11952\" srcset=\"https:\/\/www.cordobatimes.com\/deportes\/wp-content\/uploads\/2014\/04\/60851883_mario_balotelli_italy_afp.jpg 624w, https:\/\/www.cordobatimes.com\/deportes\/wp-content\/uploads\/2014\/04\/60851883_mario_balotelli_italy_afp-300x168.jpg 300w\" sizes=\"auto, (max-width: 500px) 100vw, 500px\" \/><\/a><\/p>\n<p><strong>Mario Barwuah \u201cBalotelli\u201d<\/strong>: delantero nacido en Ghana, desde muy peque\u00f1o fue a vivir a Italia y all\u00ed comenz\u00f3 su carrera deportiva siendo muy peque\u00f1o pero llamando la atenci\u00f3n de propios y extra\u00f1os por su potencia f\u00edsica y remate fuerte, sus cualidades m\u00e1ximas hasta el d\u00eda de hoy.<\/p>\n<p>S\u00faper Mario debut\u00f3 en la serie C italiana, y r\u00e1pidamente fue vendido al Inter de Mil\u00e1n jugando su 1er partido a los 17 a\u00f1os, ingresando por David Suazo.<\/p>\n<p>Posee tanta clase como indisciplina lo que le ha hecho perder el puesto y la cordura a varios entrenadores, sin embargo siempre deciden por incluirlo en la plantilla ya que su calidad y su juego son determinantes.<\/p>\n<p>Jug\u00f3 en el Inter tres temporadas, luego en el Manchester City donde obtendr\u00eda la Premier League compartiendo ataque con el \u201cKun\u201d Ag\u00fcero.<\/p>\n<p>Actualmente es titular indiscutido en el Mil\u00e1n de Clarence Seedorf, y buscar\u00e1 hacer que su nombre suene fuerte en Brasil por sus jugadas y no por sus esc\u00e1ndalos.<\/p>\n","protected":false},"excerpt":{"rendered":"<p>La Azzurra, conocida as\u00ed debido al color hist\u00f3rico de su uniforme de competici\u00f3n, es el 2do conjunto m\u00e1s ganador de la Copa del Mundo, detr\u00e1s de Brasil con 4 torneos. &nbsp; En Alemania 2006 consigui\u00f3 su \u00faltimo gran t\u00edtulo derrotando a Francia en la tanda de los penales, teniendo a Fabio Cannavaro como la figura [&hellip;]<\/p>\n","protected":false},"author":20,"featured_media":11951,"comment_status":"open","ping_status":"open","sticky":false,"template":"","format":"standard","meta":{"_seopress_robots_primary_cat":"","_seopress_titles_title":"","_seopress_titles_desc":"","_seopress_robots_index":"","footnotes":""},"categories":[2,22],"tags":[2575,2577,2576,533,2170],"class_list":["post-11950","post","type-post","status-publish","format-standard","has-post-thumbnail","hentry","category-futbol","category-mundial-brasil-2014","tag-analisis-de-los-candidatos-para-brasil-2014","tag-ballotelli","tag-buffon","tag-italia","tag-pirlo"],"_links":{"self":[{"href":"https:\/\/www.cordobatimes.com\/deportes\/wp-json\/wp\/v2\/posts\/11950","targetHints":{"allow":["GET"]}}],"collection":[{"href":"https:\/\/www.cordobatimes.com\/deportes\/wp-json\/wp\/v2\/posts"}],"about":[{"href":"https:\/\/www.cordobatimes.com\/deportes\/wp-json\/wp\/v2\/types\/post"}],"author":[{"embeddable":true,"href":"https:\/\/www.cordobatimes.com\/deportes\/wp-json\/wp\/v2\/users\/20"}],"replies":[{"embeddable":true,"href":"https:\/\/www.cordobatimes.com\/deportes\/wp-json\/wp\/v2\/comments?post=11950"}],"version-history":[{"count":0,"href":"https:\/\/www.cordobatimes.com\/deportes\/wp-json\/wp\/v2\/posts\/11950\/revisions"}],"wp:featuredmedia":[{"embeddable":true,"href":"https:\/\/www.cordobatimes.com\/deportes\/wp-json\/wp\/v2\/media\/11951"}],"wp:attachment":[{"href":"https:\/\/www.cordobatimes.com\/deportes\/wp-json\/wp\/v2\/media?parent=11950"}],"wp:term":[{"taxonomy":"category","embeddable":true,"href":"https:\/\/www.cordobatimes.com\/deportes\/wp-json\/wp\/v2\/categories?post=11950"},{"taxonomy":"post_tag","embeddable":true,"href":"https:\/\/www.cordobatimes.com\/deportes\/wp-json\/wp\/v2\/tags?post=11950"}],"curies":[{"name":"wp","href":"https:\/\/api.w.org\/{rel}","templated":true}]}}