{"id":11923,"date":"2014-04-13T19:53:05","date_gmt":"2014-04-13T22:53:05","guid":{"rendered":"http:\/\/www.cordobatimes.com\/deportes\/?p=11923"},"modified":"2014-04-13T19:53:05","modified_gmt":"2014-04-13T22:53:05","slug":"gimnasia-vencio-a-arsenal-y-se-prende-arriba-video","status":"publish","type":"post","link":"https:\/\/www.cordobatimes.com\/deportes\/futbol\/2014\/04\/13\/gimnasia-vencio-a-arsenal-y-se-prende-arriba-video\/","title":{"rendered":"Gimnasia venci\u00f3 a Arsenal y se prende arriba (Video)"},"content":{"rendered":"<h3 style=\"text-align: justify;\"><a href=\"http:\/\/www.cordobatimes.com\/deportes\/wp-content\/uploads\/2014\/04\/gimnasia-arsenal.jpg\"><img loading=\"lazy\" decoding=\"async\" class=\"aligncenter size-full wp-image-11924\" alt=\"gimnasia arsenal\" src=\"http:\/\/www.cordobatimes.com\/deportes\/wp-content\/uploads\/2014\/04\/gimnasia-arsenal.jpg\" width=\"900\" height=\"688\" data-id=\"11924\" srcset=\"https:\/\/www.cordobatimes.com\/deportes\/wp-content\/uploads\/2014\/04\/gimnasia-arsenal.jpg 900w, https:\/\/www.cordobatimes.com\/deportes\/wp-content\/uploads\/2014\/04\/gimnasia-arsenal-300x229.jpg 300w\" sizes=\"auto, (max-width: 900px) 100vw, 900px\" \/><\/a><\/h3>\n<h3 style=\"text-align: justify;\"><strong>El Lobo derrot\u00f3 en el &#8220;Bosque&#8221; al conjunto de Sarand\u00ed por 2 a 0 con dos tantos de\u00a0Maximiliano Meza. Con este triunfo, los dirigidos por Troglio se pusieron a tres unidades de la punta del campeonato. Los de Alfaro, en cambio, contin\u00faan en el \u00faltimo puesto de la tabla. Mir\u00e1 los goles.<\/strong><\/h3>\n<p>&nbsp;<\/p>\n<p style=\"text-align: justify;\">Los dos goles del partido fueron convertidos por Maximiliano Meza. A los 11\u00b4, el volante aprovech\u00f3 una desatenci\u00f3n defensiva del equipo conducido por Gustavo Alfaro y marc\u00f3 de cabeza, y en el descuento sell\u00f3 la victoria de contragolpe, con una buena definici\u00f3n.<\/p>\n<p style=\"text-align: justify;\">Con esta victoria, Gimnasia de La Plata acumula tres triunfos consecutivos y se mantiene a tres puntos de la cima del Torneo Final. Arsenal, por su parte, qued\u00f3 \u00faltimo en la tabla con 10 unidades, aunque su mente est\u00e1 puesta en la Copa Libertadores, donde ya est\u00e1 clasificado a ls octavos de final.<\/p>\n<p style=\"text-align: justify;\">En la pr\u00f3xima fecha, El Lobo visitar\u00e1 el jueves a Racing y ese mismo d\u00eda el elenco de Alfaro viajar\u00e1 a Floresta para jugar con All Boys.<\/p>\n<p style=\"text-align: justify;\"><b><span style=\"text-decoration: underline;\">FORMACIONES:<\/span><\/b><\/p>\n<p style=\"text-align: justify;\"><b><\/b><b>Gimnasia y Esgrima La Plata<\/b>: Fernando Monetti; Facundo Oreja, Osvaldo Barsottini, Juan Carlos Blengio, Lucas Licht; Maximiliano Meza, Omar Pouso, Franco Mussis, Javier Mendoza; \u00c1lvaro Fern\u00e1ndez; Luis Peralta.\u00a0<b>DT<\/b>: Pedro Troglio.<\/p>\n<p style=\"text-align: justify;\"><b>Arsenal<\/b>: Cristian Campestrini; Hugo Nervo, Leandro Gonz\u00e1lez P\u00edrez, Diego Braghieri, Dam\u00edan P\u00e9rez; Mauricio Sperduti, Iv\u00e1n Marcone, Mat\u00edas Zaldivia, Nicol\u00e1s Aguirre; Mart\u00edn Rolle y Julio Furch.\u00a0<b>DT<\/b>: Gustavo Alfaro.<\/p>\n<p style=\"text-align: justify;\"><b>Estadio<\/b>: Juan Carmelo Zerillo<\/p>\n<p style=\"text-align: justify;\"><b>\u00c1rbitro<\/b>: Andres Merlos<\/p>\n<p style=\"text-align: justify;\"><span style=\"text-decoration: underline;\"><strong>Mir\u00e1 los goles<\/strong><\/span><\/p>\n<p><iframe loading=\"lazy\" src=\"\/\/www.youtube.com\/embed\/JPrI3-hwYNA\" height=\"315\" width=\"560\" allowfullscreen=\"\" frameborder=\"0\"><\/iframe><\/p>\n<p><iframe loading=\"lazy\" src=\"\/\/www.youtube.com\/embed\/yifF9gHFwY0\" height=\"315\" width=\"560\" allowfullscreen=\"\" frameborder=\"0\"><\/iframe><\/p>\n","protected":false},"excerpt":{"rendered":"<p>El Lobo derrot\u00f3 en el &#8220;Bosque&#8221; al conjunto de Sarand\u00ed por 2 a 0 con dos tantos de\u00a0Maximiliano Meza. Con este triunfo, los dirigidos por Troglio se pusieron a tres unidades de la punta del campeonato. Los de Alfaro, en cambio, contin\u00faan en el \u00faltimo puesto de la tabla. Mir\u00e1 los goles. &nbsp; Los dos [&hellip;]<\/p>\n","protected":false},"author":10,"featured_media":11924,"comment_status":"open","ping_status":"open","sticky":false,"template":"","format":"standard","meta":{"_seopress_robots_primary_cat":"","_seopress_titles_title":"","_seopress_titles_desc":"","_seopress_robots_index":"","footnotes":""},"categories":[2,16],"tags":[71,2008,72,2568,96,2567,2569,2308,2321],"class_list":["post-11923","post","type-post","status-publish","format-standard","has-post-thumbnail","hentry","category-futbol","category-primera-division","tag-arsenal","tag-bosque","tag-gimnasia","tag-gustavo-alfaro","tag-la-plata","tag-lobo","tag-maximiliano-meza","tag-pedro-troglio","tag-sarandi"],"_links":{"self":[{"href":"https:\/\/www.cordobatimes.com\/deportes\/wp-json\/wp\/v2\/posts\/11923","targetHints":{"allow":["GET"]}}],"collection":[{"href":"https:\/\/www.cordobatimes.com\/deportes\/wp-json\/wp\/v2\/posts"}],"about":[{"href":"https:\/\/www.cordobatimes.com\/deportes\/wp-json\/wp\/v2\/types\/post"}],"author":[{"embeddable":true,"href":"https:\/\/www.cordobatimes.com\/deportes\/wp-json\/wp\/v2\/users\/10"}],"replies":[{"embeddable":true,"href":"https:\/\/www.cordobatimes.com\/deportes\/wp-json\/wp\/v2\/comments?post=11923"}],"version-history":[{"count":0,"href":"https:\/\/www.cordobatimes.com\/deportes\/wp-json\/wp\/v2\/posts\/11923\/revisions"}],"wp:featuredmedia":[{"embeddable":true,"href":"https:\/\/www.cordobatimes.com\/deportes\/wp-json\/wp\/v2\/media\/11924"}],"wp:attachment":[{"href":"https:\/\/www.cordobatimes.com\/deportes\/wp-json\/wp\/v2\/media?parent=11923"}],"wp:term":[{"taxonomy":"category","embeddable":true,"href":"https:\/\/www.cordobatimes.com\/deportes\/wp-json\/wp\/v2\/categories?post=11923"},{"taxonomy":"post_tag","embeddable":true,"href":"https:\/\/www.cordobatimes.com\/deportes\/wp-json\/wp\/v2\/tags?post=11923"}],"curies":[{"name":"wp","href":"https:\/\/api.w.org\/{rel}","templated":true}]}}