{"id":11887,"date":"2014-04-13T13:23:03","date_gmt":"2014-04-13T16:23:03","guid":{"rendered":"http:\/\/www.cordobatimes.com\/deportes\/?p=11887"},"modified":"2014-04-13T16:21:19","modified_gmt":"2014-04-13T19:21:19","slug":"wtcc-pechito-lopez-consiguio-la-victoria-en-marruecos","status":"publish","type":"post","link":"https:\/\/www.cordobatimes.com\/deportes\/automovilismo\/2014\/04\/13\/wtcc-pechito-lopez-consiguio-la-victoria-en-marruecos\/","title":{"rendered":"WTCC :&#8221;Pechito&#8221; L\u00f3pez  primero y segundo en Marruecos"},"content":{"rendered":"<h3 style=\"text-align: justify;\"><a href=\"http:\/\/www.cordobatimes.com\/deportes\/wp-content\/uploads\/2014\/04\/PECHITO.png\"><img loading=\"lazy\" decoding=\"async\" class=\"alignnone size-full wp-image-11889\" alt=\"PECHITO\" src=\"http:\/\/www.cordobatimes.com\/deportes\/wp-content\/uploads\/2014\/04\/PECHITO.png\" width=\"836\" height=\"483\" data-id=\"11889\" srcset=\"https:\/\/www.cordobatimes.com\/deportes\/wp-content\/uploads\/2014\/04\/PECHITO.png 836w, https:\/\/www.cordobatimes.com\/deportes\/wp-content\/uploads\/2014\/04\/PECHITO-300x173.png 300w, https:\/\/www.cordobatimes.com\/deportes\/wp-content\/uploads\/2014\/04\/PECHITO-305x175.png 305w\" sizes=\"auto, (max-width: 836px) 100vw, 836px\" \/><\/a><\/h3>\n<h3 style=\"text-align: justify;\">En su primera actuaci\u00f3n oficial en el campeonato de WTCC\u00a0(World Touring Car Championship)\u00a0 de la mano del equipo Citroen, el cordob\u00e9s consigui\u00f3 alzarse con la victoria en el circuito marroqu\u00ed de\u201cMoulay El Hassan\u201d\u00a0 , luego de haber conseguido ayer, la pole position. Sebastian Loeb e Yvan Muller fueron sus escoltas para una vez m\u00e1s, lograr el 1-2-3 para Citroen con el C- Elis\u00e9e.<\/h3>\n<p style=\"text-align: justify;\">Con una gran emoci\u00f3n al escuchar las estrofas del Himno Nacional Argentino , Jos\u00e9 Maria L\u00f3pez subi\u00f3 a lo m\u00e1s alto del podio , consiguiendo su primer logro en la categor\u00eda internacional de la mano del equipo oficial franc\u00e9s.<\/p>\n<p style=\"text-align: justify;\">L\u00f3pez domin\u00f3 de punta a punta hasta ver la bandera a cuadros, escoltado de sus compa\u00f1eros de equipo Sebastian Loeb e Yvan Muller para cerrar un fin de semana perfecto para Citroen.<\/p>\n<p>\u00a0 En la segunda carrera, estipulada inmediatamente despu\u00e9s de finalizada la primera, el cordob\u00e9s larg\u00f3 desde la posici\u00f3n de vanguardia pero se retras\u00f3 en la largada , quedando la primera colocaci\u00f3n en manos de su compa\u00f1ero Sebastian Loeb, debiendo conformarse con un lujoso segundo lugar.<\/p>\n<p>&nbsp;<\/p>\n<p>&nbsp;<\/p>\n","protected":false},"excerpt":{"rendered":"<p>En su primera actuaci\u00f3n oficial en el campeonato de WTCC\u00a0(World Touring Car Championship)\u00a0 de la mano del equipo Citroen, el cordob\u00e9s consigui\u00f3 alzarse con la victoria en el circuito marroqu\u00ed de\u201cMoulay El Hassan\u201d\u00a0 , luego de haber conseguido ayer, la pole position. Sebastian Loeb e Yvan Muller fueron sus escoltas para una vez m\u00e1s, lograr [&hellip;]<\/p>\n","protected":false},"author":6,"featured_media":11889,"comment_status":"open","ping_status":"open","sticky":false,"template":"","format":"standard","meta":{"_seopress_robots_primary_cat":"","_seopress_titles_title":"","_seopress_titles_desc":"","_seopress_robots_index":"","footnotes":""},"categories":[1],"tags":[2558,1128,198,287,413],"class_list":["post-11887","post","type-post","status-publish","format-standard","has-post-thumbnail","hentry","category-automovilismo","tag-citroen-racing","tag-citroen-racing-wtcc","tag-jose-maria-lopez","tag-pechito-lopez","tag-wtcc"],"_links":{"self":[{"href":"https:\/\/www.cordobatimes.com\/deportes\/wp-json\/wp\/v2\/posts\/11887","targetHints":{"allow":["GET"]}}],"collection":[{"href":"https:\/\/www.cordobatimes.com\/deportes\/wp-json\/wp\/v2\/posts"}],"about":[{"href":"https:\/\/www.cordobatimes.com\/deportes\/wp-json\/wp\/v2\/types\/post"}],"author":[{"embeddable":true,"href":"https:\/\/www.cordobatimes.com\/deportes\/wp-json\/wp\/v2\/users\/6"}],"replies":[{"embeddable":true,"href":"https:\/\/www.cordobatimes.com\/deportes\/wp-json\/wp\/v2\/comments?post=11887"}],"version-history":[{"count":0,"href":"https:\/\/www.cordobatimes.com\/deportes\/wp-json\/wp\/v2\/posts\/11887\/revisions"}],"wp:featuredmedia":[{"embeddable":true,"href":"https:\/\/www.cordobatimes.com\/deportes\/wp-json\/wp\/v2\/media\/11889"}],"wp:attachment":[{"href":"https:\/\/www.cordobatimes.com\/deportes\/wp-json\/wp\/v2\/media?parent=11887"}],"wp:term":[{"taxonomy":"category","embeddable":true,"href":"https:\/\/www.cordobatimes.com\/deportes\/wp-json\/wp\/v2\/categories?post=11887"},{"taxonomy":"post_tag","embeddable":true,"href":"https:\/\/www.cordobatimes.com\/deportes\/wp-json\/wp\/v2\/tags?post=11887"}],"curies":[{"name":"wp","href":"https:\/\/api.w.org\/{rel}","templated":true}]}}