{"id":11836,"date":"2014-04-12T19:30:33","date_gmt":"2014-04-12T22:30:33","guid":{"rendered":"http:\/\/www.cordobatimes.com\/deportes\/?p=11836"},"modified":"2019-03-27T01:44:29","modified_gmt":"2019-03-27T04:44:29","slug":"instituto-y-talleres-repartieron-puntos-en-alta-cordoba-video","status":"publish","type":"post","link":"https:\/\/www.cordobatimes.com\/deportes\/futbol\/2014\/04\/12\/instituto-y-talleres-repartieron-puntos-en-alta-cordoba-video\/","title":{"rendered":"Instituto y Talleres repartieron puntos en Alta C\u00f3rdoba (Video)"},"content":{"rendered":"<h3 style=\"text-align: justify;\"><strong>El Matador comenz\u00f3 ganando gracias al tanto de tiro libre de Barrionuevo, pero la Gloria lo fue a buscar y logr\u00f3 el empate de la mano de Juan Mart\u00edn. <\/strong><\/h3>\n<p style=\"text-align: justify;\">Este resultado dej\u00f3 conforme a Miliki Gim\u00e9nez, que contin\u00faa invicto desde que asumi\u00f3 y sigue en puestos de ascenso. Mientras que la &#8220;T&#8221; debe sumar en lo que resta del campeonato ya que est\u00e1 muy complicado con los promedios.<\/p>\n<p style=\"text-align: justify;\">Por la fecha 33 del Nacional B y ante un gran marco de p\u00fablico, Instituto recibi\u00f3 a Talleres en el Monumental de Alta C\u00f3rdoba, en un encuentro que en la previa se resum\u00eda como determinante para las aspiraciones de cada uno.<\/p>\n<p style=\"text-align: justify;\">La Gloria deb\u00eda ganar para mantenerse en soledad en el tercer puesto de la tabla de posiciones -\u00faltimo cupo a primera divisi\u00f3n-, mientras que la &#8220;T&#8221; necesitaba el triunfo para aumentar el sue\u00f1o de mantener la categor\u00eda.<\/p>\n<p style=\"text-align: justify;\">Ante esto, ambos equipos salieron en busca de los tres puntos. Aunque hay que destacar que el primer tiempo fue favorable al conjunto de Ghiso, que tuvo las ocasiones de gol m\u00e1s claras, incluyendo un remate en el palo de Fabio \u00c1lvarez a los 8 minutos.<\/p>\n<p style=\"text-align: justify;\">M\u00e1s all\u00e1 de este gran arranque del visitante, los delanteros de la T, en ning\u00fan momento lograron vencer al arquero Chiarini y el cero a cero fue el resultado final de la primera etapa.<\/p>\n<p style=\"text-align: justify;\">En el complemento, el desarrollo del juego no se modific\u00f3 demasiado, y fue Talleres quien encontr\u00f3 la ventaja en el marcador. A los pocos minutos de comenzada la segunda etapa, el visitante manej\u00f3 bien un contragolpe que termin\u00f3 en un tiro libre al borde del \u00e1rea tras una mano intencional de Damiani. Barrionuevo ejecut\u00f3 de manera excelente la falta y puso las cosas 1 a 0 para el Matador cuando iban ocho minutos.<\/p>\n<p style=\"text-align: justify;\">Luego de este balde de agua fr\u00eda en el Monumental de Alta C\u00f3rdoba, la Gloria fue con todo en busca del empate y tuvo varias situaciones claras para lograrlo, pero los delanteros no estuvieron finos en la definici\u00f3n y Santillo se mostr\u00f3 seguro en cada ataque del local.<\/p>\n<p style=\"text-align: justify;\">Igualmente, Instituto llegar\u00eda a la igualdad a los 28&#8242; del complemento luego de un centro largo que Juan Mart\u00edn aguant\u00f3 y defini\u00f3 fuerte ante la salida del uno de la T que nada pudo hacer.<\/p>\n<p style=\"text-align: justify;\">Fue empate en el cl\u00e1sico, que dej\u00f3 m\u00e1s conforme a Miliki Gim\u00e9nez que a Ghiso, ya que la Gloria se mantuvo en la tercera colocaci\u00f3n, aunque podr\u00e1 ser alcanzado por Independiente y Crucero del Norte. Talleres, en cambio, sigue muy complicado con el descenso y debe comenzar a ganar si quiere mantener la categor\u00eda.<\/p>\n<p style=\"text-align: justify;\"><strong>Formaciones:<\/strong><\/p>\n<p style=\"text-align: justify;\"><strong>Instituto:<\/strong>\u00a0Julio Chiarini; Ra\u00fal Damiani, Pablo Frontini, Dami\u00e1n Schmidt, Pablo De Miranda; Emiliano Tellechea, Maximiliano Correa, Federico Vismara, Lucas Favalli; Sebasti\u00e1n Ereros, Juan Mart\u00edn. DT: Daniel Jim\u00e9nez.<\/p>\n<p style=\"text-align: justify;\"><strong>Talleres:<\/strong>\u00a0Pablo Santillo; Gast\u00f3n Bottino, Esteban Burgos, Renzo Vera, Jos\u00e9 Shaffer; Marcelo Vega, Agust\u00edn D\u00edaz, Nery Leyes, Cristian Pav\u00f3n; Favio \u00c1lvarez; Gonzalo Klusener. DT: Jorge Ghiso.<\/p>\n<p style=\"text-align: justify;\"><strong>Gran recibimiento de los hinchas de la Gloria<\/strong><\/p>\n<p><iframe loading=\"lazy\" src=\"\/\/www.youtube.com\/embed\/xDgb78ygdFQ\" width=\"560\" height=\"315\" frameborder=\"0\" allowfullscreen=\"allowfullscreen\"><\/iframe><\/p>\n<p><strong>Gol de Talleres<\/strong><\/p>\n<p><strong>\u00a0<iframe loading=\"lazy\" src=\"\/\/www.youtube.com\/embed\/cJIDLCdc13Q\" width=\"560\" height=\"315\" frameborder=\"0\" allowfullscreen=\"allowfullscreen\"><\/iframe><\/strong><\/p>\n<p><strong>Gol de Instituto<\/strong><\/p>\n<p><iframe loading=\"lazy\" src=\"\/\/www.youtube.com\/embed\/p60lqlemG2k\" width=\"560\" height=\"315\" frameborder=\"0\" allowfullscreen=\"allowfullscreen\"><\/iframe><\/p>\n<p><strong>Principales posiciones<\/strong><\/p>\n<table>\n<thead>\n<tr>\n<th>N\u00b0<\/th>\n<th>EQUIPO<\/th>\n<th>PJ<\/th>\n<th>G<\/th>\n<th>E<\/th>\n<th>P<\/th>\n<th>GF<\/th>\n<th>GC<\/th>\n<th>PTS<\/th>\n<\/tr>\n<\/thead>\n<tbody>\n<tr>\n<td>1<\/td>\n<td><a><img decoding=\"async\" src=\"http:\/\/1-ps.googleusercontent.com\/x\/www.futbolparatodos.com.ar\/img.futbolparatodos.com.ar\/wp-content\/uploads\/28xNxbanfield-55x55.png.pagespeed.ic.ojGzaazPsZ.png\" alt=\"Banfield\" width=\"28\" \/>\u00a0BANFIELD<\/a><\/td>\n<td>32<\/td>\n<td>18<\/td>\n<td>8<\/td>\n<td>6<\/td>\n<td>55<\/td>\n<td>30<\/td>\n<td>62<\/td>\n<\/tr>\n<tr>\n<td>2<\/td>\n<td><a><img decoding=\"async\" src=\"http:\/\/1-ps.googleusercontent.com\/x\/www.futbolparatodos.com.ar\/img.futbolparatodos.com.ar\/wp-content\/uploads\/defensa-y-justicia-55x55.png.pagespeed.ce.zUrLn-5ePz.png\" alt=\"Defensa y Justicia\" width=\"28\" \/>\u00a0DEFENSA Y JUSTICIA<\/a><\/td>\n<td>33<\/td>\n<td>17<\/td>\n<td>11<\/td>\n<td>5<\/td>\n<td>55<\/td>\n<td>32<\/td>\n<td>62<\/td>\n<\/tr>\n<tr>\n<td>3<\/td>\n<td><a><img decoding=\"async\" src=\"http:\/\/1-ps.googleusercontent.com\/x\/www.futbolparatodos.com.ar\/img.futbolparatodos.com.ar\/wp-content\/uploads\/instituto-55x55.png.pagespeed.ce.LUxEPJmpl6.png\" alt=\"Instituto\" width=\"28\" \/>\u00a0INSTITUTO<\/a><\/td>\n<td>33<\/td>\n<td>13<\/td>\n<td>13<\/td>\n<td>7<\/td>\n<td>46<\/td>\n<td>37<\/td>\n<td>52<\/td>\n<\/tr>\n<tr>\n<td>4<\/td>\n<td><a><img decoding=\"async\" src=\"http:\/\/1-ps.googleusercontent.com\/x\/www.futbolparatodos.com.ar\/img.futbolparatodos.com.ar\/wp-content\/uploads\/28xNxcrucero-del-norte-55x55.png.pagespeed.ic.d-tImxQKaP.png\" alt=\"Crucero del Norte\" width=\"28\" \/>\u00a0CRUCERO DEL NORTE<\/a><\/td>\n<td>32<\/td>\n<td>13<\/td>\n<td>10<\/td>\n<td>9<\/td>\n<td>36<\/td>\n<td>27<\/td>\n<td>49<\/td>\n<\/tr>\n<tr>\n<td>5<\/td>\n<td><a><img decoding=\"async\" src=\"http:\/\/1-ps.googleusercontent.com\/x\/www.futbolparatodos.com.ar\/img.futbolparatodos.com.ar\/wp-content\/uploads\/independiente-55x55.png.pagespeed.ce.v5kDeX2Ubc.png\" alt=\"Independiente\" width=\"28\" \/>\u00a0INDEPENDIENTE<\/a><\/td>\n<td>32<\/td>\n<td>12<\/td>\n<td>13<\/td>\n<td>7<\/td>\n<td>35<\/td>\n<td>26<\/td>\n<td>49<\/td>\n<\/tr>\n<tr>\n<td>6<\/td>\n<td><a><img decoding=\"async\" src=\"http:\/\/1-ps.googleusercontent.com\/x\/www.futbolparatodos.com.ar\/img.futbolparatodos.com.ar\/wp-content\/uploads\/tucuman-55x55.png.pagespeed.ce.pNF-IUjSqr.png\" alt=\"Atl\u00e9tico Tucum\u00e1n\" width=\"28\" \/>\u00a0ATL\u00c9TICO TUCUM\u00c1N<\/a><\/td>\n<td>32<\/td>\n<td>11<\/td>\n<td>13<\/td>\n<td>8<\/td>\n<td>35<\/td>\n<td>29<\/td>\n<td>46<\/td>\n<\/tr>\n<tr>\n<td>7<\/td>\n<td><a><img decoding=\"async\" src=\"http:\/\/1-ps.googleusercontent.com\/x\/www.futbolparatodos.com.ar\/img.futbolparatodos.com.ar\/wp-content\/uploads\/28xNxunion-55x55.png.pagespeed.ic.rwSSHOwrRy.png\" alt=\"Uni\u00f3n\" width=\"28\" \/>\u00a0UNI\u00d3N<\/a><\/td>\n<td>33<\/td>\n<td>10<\/td>\n<td>15<\/td>\n<td>8<\/td>\n<td>41<\/td>\n<td>38<\/td>\n<td>45<\/td>\n<\/tr>\n<\/tbody>\n<\/table>\n<div><\/div>\n<div><strong>Tabla de Promedios<\/strong><\/div>\n<div><\/div>\n<div id=\"estadisticas-pagina-130\">\n<table>\n<tbody>\n<tr>\n<td>16<\/td>\n<td><a><img decoding=\"async\" src=\"http:\/\/1-ps.googleusercontent.com\/x\/www.futbolparatodos.com.ar\/img.futbolparatodos.com.ar\/wp-content\/uploads\/douglas-haig-55x55.png.pagespeed.ce.7pzXiVIW_4.png\" alt=\"Douglas Haig\" width=\"28\" \/>DOUGLAS HAIG<\/a><\/td>\n<td>0<\/td>\n<td>49<\/td>\n<td>38<\/td>\n<td>87<\/td>\n<td>70<\/td>\n<td>1.243<\/td>\n<\/tr>\n<tr>\n<td>17<\/td>\n<td><a><img decoding=\"async\" src=\"http:\/\/1-ps.googleusercontent.com\/x\/www.futbolparatodos.com.ar\/img.futbolparatodos.com.ar\/wp-content\/uploads\/28xNxaldosivi-55x55.png.pagespeed.ic.ZDzZs8phNn.png\" alt=\"Aldosivi\" width=\"28\" \/>ALDOSIVI<\/a><\/td>\n<td>53<\/td>\n<td>44<\/td>\n<td>35<\/td>\n<td>132<\/td>\n<td>108<\/td>\n<td>1.222<\/td>\n<\/tr>\n<tr>\n<td>18<\/td>\n<td><a><img decoding=\"async\" src=\"http:\/\/1-ps.googleusercontent.com\/x\/www.futbolparatodos.com.ar\/img.futbolparatodos.com.ar\/wp-content\/uploads\/28xNxalmirante-brown-55x55.png.pagespeed.ic.ZtOzToyjXI.png\" alt=\"Almirante Brown\" width=\"28\" \/>ALMIRANTE BROWN<\/a><\/td>\n<td>55<\/td>\n<td>46<\/td>\n<td>30<\/td>\n<td>131<\/td>\n<td>108<\/td>\n<td>1.213<\/td>\n<\/tr>\n<tr>\n<td>19<\/td>\n<td><a><img decoding=\"async\" src=\"http:\/\/1-ps.googleusercontent.com\/x\/www.futbolparatodos.com.ar\/img.futbolparatodos.com.ar\/wp-content\/uploads\/28xNxgimnasia-y-esgrima-j-55x55.png.pagespeed.ic.mu1ctfdwoh.png\" alt=\"Gimnasia Jujuy\" width=\"28\" \/>GIMNASIA JUJUY<\/a><\/td>\n<td>34<\/td>\n<td>50<\/td>\n<td>45<\/td>\n<td>129<\/td>\n<td>108<\/td>\n<td>1.194<\/td>\n<\/tr>\n<tr>\n<td>20<\/td>\n<td><a><img decoding=\"async\" src=\"http:\/\/1-ps.googleusercontent.com\/x\/www.futbolparatodos.com.ar\/img.futbolparatodos.com.ar\/wp-content\/uploads\/sportivo-belgrano-55x55.png.pagespeed.ce.inr7yLpDDI.png\" alt=\"Sportivo Belgrano\" width=\"28\" \/>SPORTIVO BELGRANO<\/a><\/td>\n<td>0<\/td>\n<td>0<\/td>\n<td>39<\/td>\n<td>39<\/td>\n<td>33<\/td>\n<td>1.182<\/td>\n<\/tr>\n<tr>\n<td>21<\/td>\n<td><a><img decoding=\"async\" src=\"http:\/\/1-ps.googleusercontent.com\/x\/www.futbolparatodos.com.ar\/img.futbolparatodos.com.ar\/wp-content\/uploads\/talleres-cba-55x55.png.pagespeed.ce.auUPHT5aPv.png\" alt=\"Talleres Cba\" width=\"28\" \/>TALLERES CBA<\/a><\/td>\n<td>0<\/td>\n<td>0<\/td>\n<td>34<\/td>\n<td>34<\/td>\n<td>33<\/td>\n<td>1.030<\/td>\n<\/tr>\n<tr>\n<td>22<\/td>\n<td><a><img decoding=\"async\" src=\"http:\/\/1-ps.googleusercontent.com\/x\/www.futbolparatodos.com.ar\/img.futbolparatodos.com.ar\/wp-content\/uploads\/28xNxvilla-san-carlos-55x55.png.pagespeed.ic.2qstph1WZM.png\" alt=\"Villa San Carlos\" width=\"28\" \/>VILLA SAN CARLOS<\/a><\/td>\n<td>0<\/td>\n<td>0<\/td>\n<td>23<\/td>\n<td>23<\/td>\n<td>33<\/td>\n<td>0.697<\/td>\n<\/tr>\n<\/tbody>\n<\/table>\n<\/div>\n","protected":false},"excerpt":{"rendered":"<p>El Matador comenz\u00f3 ganando gracias al tanto de tiro libre de Barrionuevo, pero la Gloria lo fue a buscar y logr\u00f3 el empate de la mano de Juan Mart\u00edn. Este resultado dej\u00f3 conforme a Miliki Gim\u00e9nez, que contin\u00faa invicto desde que asumi\u00f3 y sigue en puestos de ascenso. Mientras que la &#8220;T&#8221; debe sumar en [&hellip;]<\/p>\n","protected":false},"author":10,"featured_media":11848,"comment_status":"open","ping_status":"open","sticky":false,"template":"","format":"standard","meta":{"_seopress_robots_primary_cat":"none","_seopress_titles_title":"","_seopress_titles_desc":"","_seopress_robots_index":"","footnotes":""},"categories":[2,17],"tags":[559,34,2548,68,169,2328,35,2212,2213,330,28,2275,40],"class_list":["post-11836","post","type-post","status-publish","format-standard","has-post-thumbnail","hentry","category-futbol","category-nacional-b","tag-alta-cordoba","tag-b-nacional","tag-barrionuevo","tag-clasico","tag-cordoba","tag-ghiso","tag-instituto","tag-juan-martin","tag-miliki-gimenez","tag-nacional-b-2","tag-noticias-de-cordoba","tag-primera-b","tag-talleres"],"_links":{"self":[{"href":"https:\/\/www.cordobatimes.com\/deportes\/wp-json\/wp\/v2\/posts\/11836","targetHints":{"allow":["GET"]}}],"collection":[{"href":"https:\/\/www.cordobatimes.com\/deportes\/wp-json\/wp\/v2\/posts"}],"about":[{"href":"https:\/\/www.cordobatimes.com\/deportes\/wp-json\/wp\/v2\/types\/post"}],"author":[{"embeddable":true,"href":"https:\/\/www.cordobatimes.com\/deportes\/wp-json\/wp\/v2\/users\/10"}],"replies":[{"embeddable":true,"href":"https:\/\/www.cordobatimes.com\/deportes\/wp-json\/wp\/v2\/comments?post=11836"}],"version-history":[{"count":0,"href":"https:\/\/www.cordobatimes.com\/deportes\/wp-json\/wp\/v2\/posts\/11836\/revisions"}],"wp:featuredmedia":[{"embeddable":true,"href":"https:\/\/www.cordobatimes.com\/deportes\/wp-json\/wp\/v2\/media\/11848"}],"wp:attachment":[{"href":"https:\/\/www.cordobatimes.com\/deportes\/wp-json\/wp\/v2\/media?parent=11836"}],"wp:term":[{"taxonomy":"category","embeddable":true,"href":"https:\/\/www.cordobatimes.com\/deportes\/wp-json\/wp\/v2\/categories?post=11836"},{"taxonomy":"post_tag","embeddable":true,"href":"https:\/\/www.cordobatimes.com\/deportes\/wp-json\/wp\/v2\/tags?post=11836"}],"curies":[{"name":"wp","href":"https:\/\/api.w.org\/{rel}","templated":true}]}}