{"id":11819,"date":"2014-04-12T15:04:36","date_gmt":"2014-04-12T18:04:36","guid":{"rendered":"http:\/\/www.cordobatimes.com\/deportes\/?p=11819"},"modified":"2014-04-12T15:04:36","modified_gmt":"2014-04-12T18:04:36","slug":"hinchas-se-reunieron-en-el-obelisco-pidiendo-a-tevez-para-el-mundial","status":"publish","type":"post","link":"https:\/\/www.cordobatimes.com\/deportes\/futbol\/2014\/04\/12\/hinchas-se-reunieron-en-el-obelisco-pidiendo-a-tevez-para-el-mundial\/","title":{"rendered":"Hinchas se reunieron en el Obelisco pidiendo a T\u00e9vez para el Mundial"},"content":{"rendered":"<h3 style=\"text-align: justify;\"><strong><a href=\"http:\/\/www.cordobatimes.com\/deportes\/wp-content\/uploads\/2014\/04\/tevez.jpg\"><img loading=\"lazy\" decoding=\"async\" class=\"alignnone size-full wp-image-11821\" style=\"margin: 5px;\" alt=\"tevez\" src=\"http:\/\/www.cordobatimes.com\/deportes\/wp-content\/uploads\/2014\/04\/tevez.jpg\" width=\"585\" height=\"380\" data-id=\"11821\" srcset=\"https:\/\/www.cordobatimes.com\/deportes\/wp-content\/uploads\/2014\/04\/tevez.jpg 585w, https:\/\/www.cordobatimes.com\/deportes\/wp-content\/uploads\/2014\/04\/tevez-300x194.jpg 300w\" sizes=\"auto, (max-width: 585px) 100vw, 585px\" \/><\/a>Un grupo de fan\u00e1ticos de la selecci\u00f3n Argentina convocados por la redes sociales, reclamaron por la presencia del &#8220;Apache&#8221; entre la lista de convocados para Brasil 2014. &#8220;Carlitos&#8221; es el goleador del Calcio y figura de la Juventus, l\u00edder de la liga italiana de f\u00fatbol. \u00bfQu\u00e9 dir\u00e1 Sabella?<\/strong><\/h3>\n<p>&nbsp;<\/p>\n<p style=\"text-align: justify;\">A pocos d\u00edas del comienzo del Mundial de Brasil 2014 y a pesar de que Alejandro Sabella descart\u00f3 la convocatoria de Carlos T\u00e9vez entre la lista de 23 jugadores, un grupo de hinchas se reuni\u00f3 en el Obelisco pidiendo por la presencia del &#8220;Apache&#8221; en el certamen m\u00e1s importante del f\u00fatbol mundial.<\/p>\n<p style=\"text-align: justify;\">Esto se debe al presente inmejorable del delantero, que muestra un mejor nivel en comparaci\u00f3n a sus pares Higua\u00edn, Lavezzi y Palacio, que podr\u00edan viajar dentro de la delegaci\u00f3n de nuestro pa\u00eds.<\/p>\n<p style=\"text-align: justify;\">En los \u00faltimos meses, la campa\u00f1a a favor de T\u00e9vez, conocido como &#8220;el jugador del pueblo&#8221;, ha repercutido fuertemente en las redes sociales Facebook y Twitter, donde aparecieron numerosas p\u00e1ginas como &#8220;Carlos T\u00e9vez tiene que jugar el Mundial&#8221; o &#8220;Carlitos T\u00e9vez a la selecci\u00f3n&#8221;, con m\u00e1s 15.000 seguidores.<\/p>\n<p style=\"text-align: justify;\">Debido a que el entrenador no convoc\u00f3 a &#8220;Carlitos&#8221; para ninguno de los partidos desde que asumi\u00f3 el mando del selectivo nacional, surgieron rumores de una supuesta mala relaci\u00f3n entre en goleador del Calcio y Lionel Messi, por lo cual el ex Boca no tendr\u00eda cabida en el plantel actual de la Argentina de cara al campeonato mundial.<\/p>\n<p style=\"text-align: justify;\">Mientras que otros apuntan m\u00e1s a un &#8220;capricho&#8221; de &#8220;Pachorra&#8221;, aunque \u00e9l a esquivado el tema en varias oportunidades, y lo \u00fanico que afirm\u00f3 es que &#8220;apunta a un grupo ya conformado&#8221;, excluyendo del mismo a la figura de la Juventus, l\u00edder del f\u00fatbol italiano.<\/p>\n<p style=\"text-align: justify;\">Al parecer es casi imposible que el punta viaje al pa\u00eds carioca, salvo que alg\u00fan delantero se lesione o pase algo muy raro. \u00bfLo estar\u00e1 pensando Sabella?<\/p>\n<p style=\"text-align: justify;\">\n","protected":false},"excerpt":{"rendered":"<p>Un grupo de fan\u00e1ticos de la selecci\u00f3n Argentina convocados por la redes sociales, reclamaron por la presencia del &#8220;Apache&#8221; entre la lista de convocados para Brasil 2014. &#8220;Carlitos&#8221; es el goleador del Calcio y figura de la Juventus, l\u00edder de la liga italiana de f\u00fatbol. \u00bfQu\u00e9 dir\u00e1 Sabella? &nbsp; A pocos d\u00edas del comienzo del [&hellip;]<\/p>\n","protected":false},"author":5,"featured_media":11821,"comment_status":"open","ping_status":"open","sticky":false,"template":"","format":"standard","meta":{"_seopress_robots_primary_cat":"","_seopress_titles_title":"","_seopress_titles_desc":"","_seopress_robots_index":"","footnotes":""},"categories":[2,22],"tags":[890,655,571,29,542],"class_list":["post-11819","post","type-post","status-publish","format-standard","has-post-thumbnail","hentry","category-futbol","category-mundial-brasil-2014","tag-carlos-tevez","tag-lionel-messi","tag-mundial-brasil-2014-2","tag-sabella","tag-seleccion-argentina"],"_links":{"self":[{"href":"https:\/\/www.cordobatimes.com\/deportes\/wp-json\/wp\/v2\/posts\/11819","targetHints":{"allow":["GET"]}}],"collection":[{"href":"https:\/\/www.cordobatimes.com\/deportes\/wp-json\/wp\/v2\/posts"}],"about":[{"href":"https:\/\/www.cordobatimes.com\/deportes\/wp-json\/wp\/v2\/types\/post"}],"author":[{"embeddable":true,"href":"https:\/\/www.cordobatimes.com\/deportes\/wp-json\/wp\/v2\/users\/5"}],"replies":[{"embeddable":true,"href":"https:\/\/www.cordobatimes.com\/deportes\/wp-json\/wp\/v2\/comments?post=11819"}],"version-history":[{"count":0,"href":"https:\/\/www.cordobatimes.com\/deportes\/wp-json\/wp\/v2\/posts\/11819\/revisions"}],"wp:featuredmedia":[{"embeddable":true,"href":"https:\/\/www.cordobatimes.com\/deportes\/wp-json\/wp\/v2\/media\/11821"}],"wp:attachment":[{"href":"https:\/\/www.cordobatimes.com\/deportes\/wp-json\/wp\/v2\/media?parent=11819"}],"wp:term":[{"taxonomy":"category","embeddable":true,"href":"https:\/\/www.cordobatimes.com\/deportes\/wp-json\/wp\/v2\/categories?post=11819"},{"taxonomy":"post_tag","embeddable":true,"href":"https:\/\/www.cordobatimes.com\/deportes\/wp-json\/wp\/v2\/tags?post=11819"}],"curies":[{"name":"wp","href":"https:\/\/api.w.org\/{rel}","templated":true}]}}