{"id":11789,"date":"2014-04-12T12:40:17","date_gmt":"2014-04-12T15:40:17","guid":{"rendered":"http:\/\/www.cordobatimes.com\/deportes\/?p=11789"},"modified":"2014-04-12T12:40:17","modified_gmt":"2014-04-12T15:40:17","slug":"wtcc-lopez-con-la-pole-position","status":"publish","type":"post","link":"https:\/\/www.cordobatimes.com\/deportes\/automovilismo\/2014\/04\/12\/wtcc-lopez-con-la-pole-position\/","title":{"rendered":"WTCC: L\u00f3pez con la pole position"},"content":{"rendered":"<h3><a href=\"http:\/\/www.cordobatimes.com\/deportes\/wp-content\/uploads\/2014\/04\/lopezwtcc1.jpg\"><img loading=\"lazy\" decoding=\"async\" class=\"alignnone size-full wp-image-11790\" alt=\"lopezwtcc1\" src=\"http:\/\/www.cordobatimes.com\/deportes\/wp-content\/uploads\/2014\/04\/lopezwtcc1.jpg\" width=\"1600\" height=\"1064\" data-id=\"11790\" srcset=\"https:\/\/www.cordobatimes.com\/deportes\/wp-content\/uploads\/2014\/04\/lopezwtcc1.jpg 1600w, https:\/\/www.cordobatimes.com\/deportes\/wp-content\/uploads\/2014\/04\/lopezwtcc1-300x199.jpg 300w, https:\/\/www.cordobatimes.com\/deportes\/wp-content\/uploads\/2014\/04\/lopezwtcc1-1024x680.jpg 1024w\" sizes=\"auto, (max-width: 1600px) 100vw, 1600px\" \/><\/a><\/h3>\n<h3>El cordob\u00e9s empez\u00f3 a lucirse en su primera participaci\u00f3n internacional en el WTCC\u00a0(World Touring Car Championship) adjudic\u00e1ndose la pole en la primera fecha de la temporada que se disputa en el circuito marroqu\u00ed de\u00a0\u201cMoulay El Hassan\u201d.<\/h3>\n<p>&nbsp;<\/p>\n<p>&#8220;Pechito&#8221; marc\u00f3 en su vuelta r\u00e1pida, un registro de\u00a0\u00a01&#8217;43&#8243;73 a bordo del Citroen C- Elyc\u00e9e ,seguido de sus compa\u00f1eros de equipo, que se ubicaron segundo y tercero respectivamente, Yvan Muller a 01\/100 y el m\u00faltiple campe\u00f3n de rally, Sebastian Loeb qui\u00e9n qued\u00f3 a 11\/100 del puntero, reiterando lo conseguido ayer con un 1-2-3 para el equipo de la marca francesa.<\/p>\n<p>La actividad contin\u00faa ma\u00f1ana, cuando se disputen las dos finales a las 12.15 y 13.15 hora Argentina.<\/p>\n<p>&nbsp;<\/p>\n<p><iframe loading=\"lazy\" src=\"http:\/\/www.dailymotion.com\/embed\/video\/x1novii\" height=\"270\" width=\"480\" allowfullscreen=\"\" frameborder=\"0\"><\/iframe><br \/>\n<a href=\"http:\/\/www.dailymotion.com\/video\/x1novii_presentation-marrakech-citroen-wtcc-2014_auto\" target=\"_blank\">Pr\u00e9sentation Marrakech &#8211; Citro\u00ebn WTCC 2014<\/a> <i>por <a href=\"http:\/\/www.dailymotion.com\/citroenracing\" target=\"_blank\">citroenracing<\/a><\/i><\/p>\n<p>&nbsp;<\/p>\n<p>&nbsp;<\/p>\n<h3><\/h3>\n","protected":false},"excerpt":{"rendered":"<p>El cordob\u00e9s empez\u00f3 a lucirse en su primera participaci\u00f3n internacional en el WTCC\u00a0(World Touring Car Championship) adjudic\u00e1ndose la pole en la primera fecha de la temporada que se disputa en el circuito marroqu\u00ed de\u00a0\u201cMoulay El Hassan\u201d. &nbsp; &#8220;Pechito&#8221; marc\u00f3 en su vuelta r\u00e1pida, un registro de\u00a0\u00a01&#8217;43&#8243;73 a bordo del Citroen C- Elyc\u00e9e ,seguido de sus [&hellip;]<\/p>\n","protected":false},"author":6,"featured_media":11790,"comment_status":"open","ping_status":"open","sticky":false,"template":"","format":"standard","meta":{"_seopress_robots_primary_cat":"","_seopress_titles_title":"","_seopress_titles_desc":"","_seopress_robots_index":"","footnotes":""},"categories":[1],"tags":[198,287,413,2537],"class_list":["post-11789","post","type-post","status-publish","format-standard","has-post-thumbnail","hentry","category-automovilismo","tag-jose-maria-lopez","tag-pechito-lopez","tag-wtcc","tag-wtcc-en-marruecos"],"_links":{"self":[{"href":"https:\/\/www.cordobatimes.com\/deportes\/wp-json\/wp\/v2\/posts\/11789","targetHints":{"allow":["GET"]}}],"collection":[{"href":"https:\/\/www.cordobatimes.com\/deportes\/wp-json\/wp\/v2\/posts"}],"about":[{"href":"https:\/\/www.cordobatimes.com\/deportes\/wp-json\/wp\/v2\/types\/post"}],"author":[{"embeddable":true,"href":"https:\/\/www.cordobatimes.com\/deportes\/wp-json\/wp\/v2\/users\/6"}],"replies":[{"embeddable":true,"href":"https:\/\/www.cordobatimes.com\/deportes\/wp-json\/wp\/v2\/comments?post=11789"}],"version-history":[{"count":0,"href":"https:\/\/www.cordobatimes.com\/deportes\/wp-json\/wp\/v2\/posts\/11789\/revisions"}],"wp:featuredmedia":[{"embeddable":true,"href":"https:\/\/www.cordobatimes.com\/deportes\/wp-json\/wp\/v2\/media\/11790"}],"wp:attachment":[{"href":"https:\/\/www.cordobatimes.com\/deportes\/wp-json\/wp\/v2\/media?parent=11789"}],"wp:term":[{"taxonomy":"category","embeddable":true,"href":"https:\/\/www.cordobatimes.com\/deportes\/wp-json\/wp\/v2\/categories?post=11789"},{"taxonomy":"post_tag","embeddable":true,"href":"https:\/\/www.cordobatimes.com\/deportes\/wp-json\/wp\/v2\/tags?post=11789"}],"curies":[{"name":"wp","href":"https:\/\/api.w.org\/{rel}","templated":true}]}}