{"id":11753,"date":"2014-04-11T17:53:49","date_gmt":"2014-04-11T20:53:49","guid":{"rendered":"http:\/\/www.cordobatimes.com\/deportes\/?p=11753"},"modified":"2014-04-11T17:53:49","modified_gmt":"2014-04-11T20:53:49","slug":"se-juegan-las-semifinales-del-campeonato-argentino","status":"publish","type":"post","link":"https:\/\/www.cordobatimes.com\/deportes\/polideportivo\/2014\/04\/11\/se-juegan-las-semifinales-del-campeonato-argentino\/","title":{"rendered":"Se juegan las semifinales del Campeonato Argentino"},"content":{"rendered":"<h3 style=\"text-align: justify;\"><a href=\"http:\/\/www.cordobatimes.com\/deportes\/wp-content\/uploads\/2014\/04\/futsal.jpg\"><img loading=\"lazy\" decoding=\"async\" class=\"aligncenter  wp-image-11754\" alt=\"futsal\" src=\"http:\/\/www.cordobatimes.com\/deportes\/wp-content\/uploads\/2014\/04\/futsal.jpg\" width=\"640\" height=\"480\" data-id=\"11754\" srcset=\"https:\/\/www.cordobatimes.com\/deportes\/wp-content\/uploads\/2014\/04\/futsal.jpg 624w, https:\/\/www.cordobatimes.com\/deportes\/wp-content\/uploads\/2014\/04\/futsal-300x225.jpg 300w\" sizes=\"auto, (max-width: 640px) 100vw, 640px\" \/><\/a><\/h3>\n<h3 style=\"text-align: justify;\"><strong>En el torneo que se disputa en Comodoro Rivadavia, el seleccionado de Mendoza enfrentar\u00e1 a Ushuaia en una de las llaves.\u00a0En la otra chocar\u00e1n Mar del Plata y el local.<\/strong><\/h3>\n<p>&nbsp;<\/p>\n<p style=\"text-align: justify;\">Se termin\u00f3 la fase clasificatoria y ahora se viene lo m\u00e1s importante.\u00a0Esta tarde, el seleccionado de Mendoza, que conduce Osvaldo De Minicucci se medir\u00e1 con Ushuaia, en la primera de las semifinales del torneo.<\/p>\n<p style=\"text-align: justify;\">Mendoza llega a esta instancia de forma invicta luego de ganar la zona A producto de dos victorias (Comodoro Rivadavia y R\u00edo Gallegos) y un empate ante Rosario.\u00a0Ushuaia ser\u00e1 el rival, en lo que ya se ha convertido en uno de los cl\u00e1sicos de este tipo de torneos. El conjunto fueguino fue segundo en la zona B y cuenta con buenos jugadores.<\/p>\n<p style=\"text-align: justify;\">En la otra llave se medir\u00e1n Mar del Plata y Comodoro Rivadavia. El equipo marplatense se impuso en la zona B, mientras que el local llega con muchos altibajos aunque en su casa y ante su p\u00fablico buscar\u00e1 llegar a otra final.<\/p>\n<p style=\"text-align: justify;\">Fuente: DiarioUno<\/p>\n","protected":false},"excerpt":{"rendered":"<p>En el torneo que se disputa en Comodoro Rivadavia, el seleccionado de Mendoza enfrentar\u00e1 a Ushuaia en una de las llaves.\u00a0En la otra chocar\u00e1n Mar del Plata y el local. &nbsp; Se termin\u00f3 la fase clasificatoria y ahora se viene lo m\u00e1s importante.\u00a0Esta tarde, el seleccionado de Mendoza, que conduce Osvaldo De Minicucci se medir\u00e1 [&hellip;]<\/p>\n","protected":false},"author":10,"featured_media":11754,"comment_status":"open","ping_status":"open","sticky":false,"template":"","format":"standard","meta":{"_seopress_robots_primary_cat":"","_seopress_titles_title":"","_seopress_titles_desc":"","_seopress_robots_index":"","footnotes":""},"categories":[6],"tags":[1401,1337,1771,2534],"class_list":["post-11753","post","type-post","status-publish","format-standard","has-post-thumbnail","hentry","category-polideportivo","tag-futsal","tag-mar-del-plata","tag-mendoza","tag-ushuahia"],"_links":{"self":[{"href":"https:\/\/www.cordobatimes.com\/deportes\/wp-json\/wp\/v2\/posts\/11753","targetHints":{"allow":["GET"]}}],"collection":[{"href":"https:\/\/www.cordobatimes.com\/deportes\/wp-json\/wp\/v2\/posts"}],"about":[{"href":"https:\/\/www.cordobatimes.com\/deportes\/wp-json\/wp\/v2\/types\/post"}],"author":[{"embeddable":true,"href":"https:\/\/www.cordobatimes.com\/deportes\/wp-json\/wp\/v2\/users\/10"}],"replies":[{"embeddable":true,"href":"https:\/\/www.cordobatimes.com\/deportes\/wp-json\/wp\/v2\/comments?post=11753"}],"version-history":[{"count":0,"href":"https:\/\/www.cordobatimes.com\/deportes\/wp-json\/wp\/v2\/posts\/11753\/revisions"}],"wp:featuredmedia":[{"embeddable":true,"href":"https:\/\/www.cordobatimes.com\/deportes\/wp-json\/wp\/v2\/media\/11754"}],"wp:attachment":[{"href":"https:\/\/www.cordobatimes.com\/deportes\/wp-json\/wp\/v2\/media?parent=11753"}],"wp:term":[{"taxonomy":"category","embeddable":true,"href":"https:\/\/www.cordobatimes.com\/deportes\/wp-json\/wp\/v2\/categories?post=11753"},{"taxonomy":"post_tag","embeddable":true,"href":"https:\/\/www.cordobatimes.com\/deportes\/wp-json\/wp\/v2\/tags?post=11753"}],"curies":[{"name":"wp","href":"https:\/\/api.w.org\/{rel}","templated":true}]}}