{"id":11619,"date":"2014-04-10T13:39:49","date_gmt":"2014-04-10T16:39:49","guid":{"rendered":"http:\/\/www.cordobatimes.com\/deportes\/?p=11619"},"modified":"2014-04-10T19:18:02","modified_gmt":"2014-04-10T22:18:02","slug":"basquet-argentina-debuta-ante-puerto-rico","status":"publish","type":"post","link":"https:\/\/www.cordobatimes.com\/deportes\/basquet\/2014\/04\/10\/basquet-argentina-debuta-ante-puerto-rico\/","title":{"rendered":"B\u00e1squet: Argentina debutar\u00e1 ante Puerto Rico"},"content":{"rendered":"<p style=\"text-align: center;\"><b><span style=\"text-decoration: underline;\"><a href=\"http:\/\/www.cordobatimes.com\/deportes\/wp-content\/uploads\/2014\/04\/scola.jpg\"><img loading=\"lazy\" decoding=\"async\" class=\"size-full wp-image-11620 aligncenter\" alt=\"scola\" src=\"http:\/\/www.cordobatimes.com\/deportes\/wp-content\/uploads\/2014\/04\/scola.jpg\" width=\"620\" height=\"413\" data-id=\"11620\" srcset=\"https:\/\/www.cordobatimes.com\/deportes\/wp-content\/uploads\/2014\/04\/scola.jpg 620w, https:\/\/www.cordobatimes.com\/deportes\/wp-content\/uploads\/2014\/04\/scola-300x199.jpg 300w\" sizes=\"auto, (max-width: 620px) 100vw, 620px\" \/><\/a><\/span><\/b><\/p>\n<h3 style=\"text-align: justify;\"><b>El seleccionado argentino de basquetbol jugar\u00e1 su primer partido en el grupo B del Mundial de Espa\u00f1a contra los centroamericanos.<\/b><\/h3>\n<p>&nbsp;<\/p>\n<p style=\"text-align: justify;\">La cita mundialista se llevar\u00e1 a cabo en Espa\u00f1a entre el 30 de agosto y el 14 de septiembre. En la misma,\u00a0 la llamada \u201clegi\u00f3n dorada\u201d debutar\u00e1 el s\u00e1bado 30 a las 17.30 hora local (12.30 hora de \u00a0la Argentina), ante su par de Puerto Rico.<\/p>\n<p style=\"text-align: justify;\">Luego continuar\u00e1 su progresi\u00f3n en el torneo ante Croacia y Filipinas, el domingo 31 de agosto y el lunes 1 de septiembre respectivamente. Despu\u00e9s gozar\u00e1 de una jornada de descanso y volver\u00e1n a las canchas el mi\u00e9rcoles 3 frente a Senegal, y el jueves 4 contra Grecia.<\/p>\n<p style=\"text-align: justify;\">Este es el programa completo del grupo B, con los horarios de Argentina.<\/p>\n<p style=\"text-align: justify;\">Primera fecha (30 de agosto):<\/p>\n<p style=\"text-align: justify;\">8.30: Croacia-Filipinas.<\/p>\n<p style=\"text-align: justify;\">12.30: Argentina-Croacia.<\/p>\n<p style=\"text-align: justify;\">15.00: Grecia-Senegal.<\/p>\n<p style=\"text-align: justify;\">Segunda fecha (31 de agosto):<\/p>\n<p style=\"text-align: justify;\">8.30: Argentina-Croacia.<\/p>\n<p style=\"text-align: justify;\">12.30: Senegal-Puerto Rico.<\/p>\n<p style=\"text-align: justify;\">15.00: Filipinas-Grecia.<\/p>\n<p style=\"text-align: justify;\">Tercera fecha (1 de setiembre):<\/p>\n<p style=\"text-align: justify;\">8.30: Grecia-Senegal.<\/p>\n<p style=\"text-align: justify;\">12.30:Argentina-Filipinas.<\/p>\n<p style=\"text-align: justify;\">15.00: Puerto Rico-Grecia.<\/p>\n<p style=\"text-align: justify;\">Cuarta fecha (3 de setiembre):<\/p>\n<p style=\"text-align: justify;\">8.30: Filipinas-Puerto Rico.<\/p>\n<p style=\"text-align: justify;\">12.30: Senegal-Argentina.<\/p>\n<p style=\"text-align: justify;\">15.00: Grecia-Croacia.<\/p>\n<p style=\"text-align: justify;\">Quinta fecha (4 de setiembre):<\/p>\n<p style=\"text-align: justify;\">9.00: Senegal-Filipinas.<\/p>\n<p style=\"text-align: justify;\">13.00: Puerto Rico-Croacia.<\/p>\n<p style=\"text-align: justify;\">17.00: Argentina-Grecia.<\/p>\n","protected":false},"excerpt":{"rendered":"<p>El seleccionado argentino de basquetbol jugar\u00e1 su primer partido en el grupo B del Mundial de Espa\u00f1a contra los centroamericanos. &nbsp; La cita mundialista se llevar\u00e1 a cabo en Espa\u00f1a entre el 30 de agosto y el 14 de septiembre. En la misma,\u00a0 la llamada \u201clegi\u00f3n dorada\u201d debutar\u00e1 el s\u00e1bado 30 a las 17.30 hora [&hellip;]<\/p>\n","protected":false},"author":15,"featured_media":11620,"comment_status":"open","ping_status":"open","sticky":false,"template":"","format":"standard","meta":{"_seopress_robots_primary_cat":"","_seopress_titles_title":"","_seopress_titles_desc":"","_seopress_robots_index":"","footnotes":""},"categories":[3],"tags":[26,171,2518,2517],"class_list":["post-11619","post","type-post","status-publish","format-standard","has-post-thumbnail","hentry","category-basquet","tag-argentina","tag-basquet-2","tag-legion-dorada"],"_links":{"self":[{"href":"https:\/\/www.cordobatimes.com\/deportes\/wp-json\/wp\/v2\/posts\/11619","targetHints":{"allow":["GET"]}}],"collection":[{"href":"https:\/\/www.cordobatimes.com\/deportes\/wp-json\/wp\/v2\/posts"}],"about":[{"href":"https:\/\/www.cordobatimes.com\/deportes\/wp-json\/wp\/v2\/types\/post"}],"author":[{"embeddable":true,"href":"https:\/\/www.cordobatimes.com\/deportes\/wp-json\/wp\/v2\/users\/15"}],"replies":[{"embeddable":true,"href":"https:\/\/www.cordobatimes.com\/deportes\/wp-json\/wp\/v2\/comments?post=11619"}],"version-history":[{"count":0,"href":"https:\/\/www.cordobatimes.com\/deportes\/wp-json\/wp\/v2\/posts\/11619\/revisions"}],"wp:featuredmedia":[{"embeddable":true,"href":"https:\/\/www.cordobatimes.com\/deportes\/wp-json\/wp\/v2\/media\/11620"}],"wp:attachment":[{"href":"https:\/\/www.cordobatimes.com\/deportes\/wp-json\/wp\/v2\/media?parent=11619"}],"wp:term":[{"taxonomy":"category","embeddable":true,"href":"https:\/\/www.cordobatimes.com\/deportes\/wp-json\/wp\/v2\/categories?post=11619"},{"taxonomy":"post_tag","embeddable":true,"href":"https:\/\/www.cordobatimes.com\/deportes\/wp-json\/wp\/v2\/tags?post=11619"}],"curies":[{"name":"wp","href":"https:\/\/api.w.org\/{rel}","templated":true}]}}