{"id":11615,"date":"2014-04-10T13:18:06","date_gmt":"2014-04-10T16:18:06","guid":{"rendered":"http:\/\/www.cordobatimes.com\/deportes\/?p=11615"},"modified":"2014-04-10T14:45:40","modified_gmt":"2014-04-10T17:45:40","slug":"instituto-miliki-ya-tiene-el-equipo-para-el-clasico","status":"publish","type":"post","link":"https:\/\/www.cordobatimes.com\/deportes\/futbol\/2014\/04\/10\/instituto-miliki-ya-tiene-el-equipo-para-el-clasico\/","title":{"rendered":"Instituto: \u201cMiliki\u201d ya tiene el equipo para el cl\u00e1sico"},"content":{"rendered":"<p style=\"text-align: center;\"><b><span style=\"text-decoration: underline;\"><a href=\"http:\/\/www.cordobatimes.com\/deportes\/wp-content\/uploads\/2014\/04\/MIliki.jpg\"><img loading=\"lazy\" decoding=\"async\" class=\"size-full wp-image-11616 aligncenter\" alt=\"MIliki\" src=\"http:\/\/www.cordobatimes.com\/deportes\/wp-content\/uploads\/2014\/04\/MIliki.jpg\" width=\"770\" height=\"433\" data-id=\"11616\" srcset=\"https:\/\/www.cordobatimes.com\/deportes\/wp-content\/uploads\/2014\/04\/MIliki.jpg 770w, https:\/\/www.cordobatimes.com\/deportes\/wp-content\/uploads\/2014\/04\/MIliki-300x168.jpg 300w\" sizes=\"auto, (max-width: 770px) 100vw, 770px\" \/><\/a><\/span><\/b><\/p>\n<h3 style=\"text-align: justify;\"><b>El DT prob\u00f3 esta ma\u00f1ana la alineaci\u00f3n que saldr\u00e1 a la cancha el s\u00e1bado a las 17 ante Talleres. Vuelven Damiani y Vismara.<\/b><\/h3>\n<p>&nbsp;<\/p>\n<p style=\"text-align: justify;\">La Gloria vive uno de sus mejores momentos y sabe qu\u00e9 el s\u00e1bado debe ganar el cl\u00e1sico ante su gente. As\u00ed, durante el ensayo matutino, el t\u00e9cnico Jim\u00e9nez prob\u00f3 el once inicial que jugar\u00e1 ante la \u201cT\u201d.<\/p>\n<p style=\"text-align: justify;\">Ra\u00fal Damiani y Federico Vismara vuelven luego de cumplir una fecha de suspensi\u00f3n. El defensor ingresar\u00e1 en lugar de Abel Masuero, mientras que la \u201cbruja\u201d lo har\u00e1 por Nicol\u00e1s L\u00f3pez Macri en el mediocampo.<\/p>\n<p style=\"text-align: justify;\">De esta manera, los once para enfrentar al \u201cMatador\u201d son: Julio Chiarini; Ra\u00fal Damiani, Pablo Frontini, Damian Schmidt y Pablo De Miranda; Emiliano Tellechea, Maximiliano Correa, Federico Vismara y Sebasti\u00e1n Ereros; Lucas Favalli y Juan Mart\u00edn.<\/p>\n<p style=\"text-align: justify;\">En cuanto a los socios respecta, esta semana se dio un incremento de 600 socios, lo que da un total de m\u00e1s de 8 mil. La idea de la dirigencia es llegar a los 10 mil para afrontar los compromisos econ\u00f3micos del club.<\/p>\n","protected":false},"excerpt":{"rendered":"<p>El DT prob\u00f3 esta ma\u00f1ana la alineaci\u00f3n que saldr\u00e1 a la cancha el s\u00e1bado a las 17 ante Talleres. Vuelven Damiani y Vismara. &nbsp; La Gloria vive uno de sus mejores momentos y sabe qu\u00e9 el s\u00e1bado debe ganar el cl\u00e1sico ante su gente. As\u00ed, durante el ensayo matutino, el t\u00e9cnico Jim\u00e9nez prob\u00f3 el once [&hellip;]<\/p>\n","protected":false},"author":15,"featured_media":11616,"comment_status":"open","ping_status":"open","sticky":false,"template":"","format":"standard","meta":{"_seopress_robots_primary_cat":"","_seopress_titles_title":"","_seopress_titles_desc":"","_seopress_robots_index":"","footnotes":""},"categories":[2,17],"tags":[35,2516,2249,40],"class_list":["post-11615","post","type-post","status-publish","format-standard","has-post-thumbnail","hentry","category-futbol","category-nacional-b","tag-instituto","tag-miiliki-jimenez","tag-primera-b-nacional","tag-talleres"],"_links":{"self":[{"href":"https:\/\/www.cordobatimes.com\/deportes\/wp-json\/wp\/v2\/posts\/11615","targetHints":{"allow":["GET"]}}],"collection":[{"href":"https:\/\/www.cordobatimes.com\/deportes\/wp-json\/wp\/v2\/posts"}],"about":[{"href":"https:\/\/www.cordobatimes.com\/deportes\/wp-json\/wp\/v2\/types\/post"}],"author":[{"embeddable":true,"href":"https:\/\/www.cordobatimes.com\/deportes\/wp-json\/wp\/v2\/users\/15"}],"replies":[{"embeddable":true,"href":"https:\/\/www.cordobatimes.com\/deportes\/wp-json\/wp\/v2\/comments?post=11615"}],"version-history":[{"count":0,"href":"https:\/\/www.cordobatimes.com\/deportes\/wp-json\/wp\/v2\/posts\/11615\/revisions"}],"wp:featuredmedia":[{"embeddable":true,"href":"https:\/\/www.cordobatimes.com\/deportes\/wp-json\/wp\/v2\/media\/11616"}],"wp:attachment":[{"href":"https:\/\/www.cordobatimes.com\/deportes\/wp-json\/wp\/v2\/media?parent=11615"}],"wp:term":[{"taxonomy":"category","embeddable":true,"href":"https:\/\/www.cordobatimes.com\/deportes\/wp-json\/wp\/v2\/categories?post=11615"},{"taxonomy":"post_tag","embeddable":true,"href":"https:\/\/www.cordobatimes.com\/deportes\/wp-json\/wp\/v2\/tags?post=11615"}],"curies":[{"name":"wp","href":"https:\/\/api.w.org\/{rel}","templated":true}]}}