{"id":11609,"date":"2014-04-10T10:53:09","date_gmt":"2014-04-10T13:53:09","guid":{"rendered":"http:\/\/www.cordobatimes.com\/deportes\/?p=11609"},"modified":"2014-04-10T14:47:38","modified_gmt":"2014-04-10T17:47:38","slug":"martino-esta-eliminacion-es-un-claro-fracaso","status":"publish","type":"post","link":"https:\/\/www.cordobatimes.com\/deportes\/futbol\/2014\/04\/10\/martino-esta-eliminacion-es-un-claro-fracaso\/","title":{"rendered":"Martino: &#8220;Esta eliminaci\u00f3n es un claro fracaso&#8221;"},"content":{"rendered":"<h3><a href=\"http:\/\/www.cordobatimes.com\/deportes\/wp-content\/uploads\/2014\/04\/martino_1.jpg\"><img loading=\"lazy\" decoding=\"async\" class=\"aligncenter size-full wp-image-11610\" alt=\"martino_1\" src=\"http:\/\/www.cordobatimes.com\/deportes\/wp-content\/uploads\/2014\/04\/martino_1.jpg\" width=\"970\" height=\"546\" data-id=\"11610\" srcset=\"https:\/\/www.cordobatimes.com\/deportes\/wp-content\/uploads\/2014\/04\/martino_1.jpg 970w, https:\/\/www.cordobatimes.com\/deportes\/wp-content\/uploads\/2014\/04\/martino_1-300x168.jpg 300w\" sizes=\"auto, (max-width: 970px) 100vw, 970px\" \/><\/a><\/h3>\n<h3>As\u00ed se lamento el Director T\u00e9cnico argentino tras el partido que dej\u00f3 afuera a su Barcelona de la UEFA Champions League.<\/h3>\n<p>&nbsp;<\/p>\n<p>&#8220;Esper\u00e1bamos tener mucho m\u00e1s control del juego&#8221;, dijo el Tata, en un partido donde el primer tiempo fue todo del Atl\u00e9tico, que lo perdon\u00f3 tras 3 tiros que dieron en los palos.<\/p>\n<p>&#8220;En los primeros minutos, el juego se dio mucho m\u00e1s de la manera que lo busca el Atl\u00e9tico de Madrid, con pelotas largas. Nunca tuvimos la posibilidad de juntar 4 o 5 pases y jugar como lo hacemos nosotros&#8221; agreg\u00f3. Barcelona no reaccion\u00f3 en ning\u00fan momento durante el primer tiempo y en el segundo cuando quiso despertar, ya fue demasiado tarde.<\/p>\n<p>&#8220;Lo que busc\u00e1bamos era que Lionel jugara uno contra uno en el lado derecho. A partir de ah\u00ed, tuvo dos opciones claras aunque no particip\u00f3 mucho del juego. S\u00ed quer\u00edamos que tuviera participaciones m\u00e1s decisivas, no bas\u00e1bamos todo en la participaci\u00f3n de Leo&#8221;.\u00a0&#8220;Siempre insisto con lo que significa la posibilidad de convertir primero. En estos partidos que jugamos con Atl\u00e9tico de Madrid se dieron de la misma manera&#8221;, ampli\u00f3. &#8220;El equipo est\u00e1 mal, se hace el duelo, se habla con los futbolistas y se sigue adelante&#8221;, concluy\u00f3 el ex Newell\u00b4s.<\/p>\n<p>&nbsp;<\/p>\n","protected":false},"excerpt":{"rendered":"<p>As\u00ed se lamento el Director T\u00e9cnico argentino tras el partido que dej\u00f3 afuera a su Barcelona de la UEFA Champions League. &nbsp; &#8220;Esper\u00e1bamos tener mucho m\u00e1s control del juego&#8221;, dijo el Tata, en un partido donde el primer tiempo fue todo del Atl\u00e9tico, que lo perdon\u00f3 tras 3 tiros que dieron en los palos. &#8220;En [&hellip;]<\/p>\n","protected":false},"author":17,"featured_media":11610,"comment_status":"open","ping_status":"open","sticky":false,"template":"","format":"standard","meta":{"_seopress_robots_primary_cat":"","_seopress_titles_title":"","_seopress_titles_desc":"","_seopress_robots_index":"","footnotes":""},"categories":[2,18],"tags":[2515,67,655,222],"class_list":["post-11609","post","type-post","status-publish","format-standard","has-post-thumbnail","hentry","category-futbol","category-futbol-internacional","tag-ateltico-madird","tag-barcelona","tag-lionel-messi","tag-tata-martino"],"_links":{"self":[{"href":"https:\/\/www.cordobatimes.com\/deportes\/wp-json\/wp\/v2\/posts\/11609","targetHints":{"allow":["GET"]}}],"collection":[{"href":"https:\/\/www.cordobatimes.com\/deportes\/wp-json\/wp\/v2\/posts"}],"about":[{"href":"https:\/\/www.cordobatimes.com\/deportes\/wp-json\/wp\/v2\/types\/post"}],"author":[{"embeddable":true,"href":"https:\/\/www.cordobatimes.com\/deportes\/wp-json\/wp\/v2\/users\/17"}],"replies":[{"embeddable":true,"href":"https:\/\/www.cordobatimes.com\/deportes\/wp-json\/wp\/v2\/comments?post=11609"}],"version-history":[{"count":0,"href":"https:\/\/www.cordobatimes.com\/deportes\/wp-json\/wp\/v2\/posts\/11609\/revisions"}],"wp:featuredmedia":[{"embeddable":true,"href":"https:\/\/www.cordobatimes.com\/deportes\/wp-json\/wp\/v2\/media\/11610"}],"wp:attachment":[{"href":"https:\/\/www.cordobatimes.com\/deportes\/wp-json\/wp\/v2\/media?parent=11609"}],"wp:term":[{"taxonomy":"category","embeddable":true,"href":"https:\/\/www.cordobatimes.com\/deportes\/wp-json\/wp\/v2\/categories?post=11609"},{"taxonomy":"post_tag","embeddable":true,"href":"https:\/\/www.cordobatimes.com\/deportes\/wp-json\/wp\/v2\/tags?post=11609"}],"curies":[{"name":"wp","href":"https:\/\/api.w.org\/{rel}","templated":true}]}}