{"id":11460,"date":"2014-04-08T17:40:27","date_gmt":"2014-04-08T20:40:27","guid":{"rendered":"http:\/\/www.cordobatimes.com\/deportes\/?p=11460"},"modified":"2014-04-08T18:47:03","modified_gmt":"2014-04-08T21:47:03","slug":"real-madrid-quiere-ser-semifinalista-en-alemania","status":"publish","type":"post","link":"https:\/\/www.cordobatimes.com\/deportes\/futbol\/2014\/04\/08\/real-madrid-quiere-ser-semifinalista-en-alemania\/","title":{"rendered":"Real Madrid perdi\u00f3 en Alemania pero pas\u00f3 con lo justo"},"content":{"rendered":"<h3 style=\"text-align: justify;\"><a href=\"http:\/\/www.cordobatimes.com\/deportes\/wp-content\/uploads\/2014\/04\/bale_real_dortmund.jpg\"><img loading=\"lazy\" decoding=\"async\" class=\"alignnone size-full wp-image-11497\" style=\"margin: 5px;\" alt=\"\" src=\"http:\/\/www.cordobatimes.com\/deportes\/wp-content\/uploads\/2014\/04\/bale_real_dortmund.jpg\" width=\"2000\" height=\"1000\" data-id=\"11497\" srcset=\"https:\/\/www.cordobatimes.com\/deportes\/wp-content\/uploads\/2014\/04\/bale_real_dortmund.jpg 2000w, https:\/\/www.cordobatimes.com\/deportes\/wp-content\/uploads\/2014\/04\/bale_real_dortmund-300x150.jpg 300w, https:\/\/www.cordobatimes.com\/deportes\/wp-content\/uploads\/2014\/04\/bale_real_dortmund-1024x512.jpg 1024w, https:\/\/www.cordobatimes.com\/deportes\/wp-content\/uploads\/2014\/04\/bale_real_dortmund-640x320.jpg 640w\" sizes=\"auto, (max-width: 2000px) 100vw, 2000px\" \/><\/a>El conjunto &#8220;merengue&#8221; hab\u00eda sacado una ventaja de 3 a 0 en el Bernabeu, pero el Borussia Dortmund le jug\u00f3 de igual a igual en la vuelta ganando por 2 a 0, que finalmente no alcanz\u00f3. As\u00ed, los de Ancelotti accedieron a las semifinales de la Champions League.<\/h3>\n<p>&nbsp;<\/p>\n<p style=\"text-align: justify;\">Por la vuelta de Champions League, el Real viajaba a Alemania para confirmar el 3 a 0 obtenido en Madrid, pero la ausencia de CR7 y la actitud del Dortmund se lo puso dif\u00edcil.<\/p>\n<p style=\"text-align: justify;\">Cuando parec\u00eda que el conjunto &#8220;merengue&#8221; ya ten\u00eda definida la serie, el Borussia le marc\u00f3 dos goles y lo meti\u00f3 contra su valla, poniendo en peligro su clasificaci\u00f3n. Finalmente, no le alcanz\u00f3 a los locales y los espa\u00f1oles pasaron a las semifinales.<\/p>\n<p style=\"text-align: justify;\">A los 17 minutos del primer cap\u00edtulo, el argentino Di Mar\u00eda err\u00f3 un penal, tras resbalarse y facilitarle la tarea al portero alem\u00e1n,\u00a0Weidenfeller. Luego, los germanos resucitaron de la mano de Marco Reus, quien anot\u00f3 un doblete, a los 24 y luego a los 36 minutos, poniendo con vida la esperanza.<\/p>\n<p style=\"text-align: justify;\">El Madrid termin\u00f3 sufriendo y Casillas fue la figura, impidiendo que el conjunto local aumentara la diferencia y permitiendo el avance de los blancos a semis.<\/p>\n","protected":false},"excerpt":{"rendered":"<p>El conjunto &#8220;merengue&#8221; hab\u00eda sacado una ventaja de 3 a 0 en el Bernabeu, pero el Borussia Dortmund le jug\u00f3 de igual a igual en la vuelta ganando por 2 a 0, que finalmente no alcanz\u00f3. As\u00ed, los de Ancelotti accedieron a las semifinales de la Champions League. &nbsp; Por la vuelta de Champions League, [&hellip;]<\/p>\n","protected":false},"author":5,"featured_media":11497,"comment_status":"open","ping_status":"open","sticky":false,"template":"","format":"standard","meta":{"_seopress_robots_primary_cat":"","_seopress_titles_title":"","_seopress_titles_desc":"","_seopress_robots_index":"","footnotes":""},"categories":[2,18],"tags":[2475,805,2479,185,2477,2476,70,2478],"class_list":["post-11460","post","type-post","status-publish","format-standard","has-post-thumbnail","hentry","category-futbol","category-futbol-internacional","tag-arbeloa","tag-borussia-dortmund","tag-carlo-ancelotti","tag-cristiano-ronaldo","tag-khedira","tag-marcelo","tag-real-madrid","tag-robert-lewandowski"],"_links":{"self":[{"href":"https:\/\/www.cordobatimes.com\/deportes\/wp-json\/wp\/v2\/posts\/11460","targetHints":{"allow":["GET"]}}],"collection":[{"href":"https:\/\/www.cordobatimes.com\/deportes\/wp-json\/wp\/v2\/posts"}],"about":[{"href":"https:\/\/www.cordobatimes.com\/deportes\/wp-json\/wp\/v2\/types\/post"}],"author":[{"embeddable":true,"href":"https:\/\/www.cordobatimes.com\/deportes\/wp-json\/wp\/v2\/users\/5"}],"replies":[{"embeddable":true,"href":"https:\/\/www.cordobatimes.com\/deportes\/wp-json\/wp\/v2\/comments?post=11460"}],"version-history":[{"count":0,"href":"https:\/\/www.cordobatimes.com\/deportes\/wp-json\/wp\/v2\/posts\/11460\/revisions"}],"wp:featuredmedia":[{"embeddable":true,"href":"https:\/\/www.cordobatimes.com\/deportes\/wp-json\/wp\/v2\/media\/11497"}],"wp:attachment":[{"href":"https:\/\/www.cordobatimes.com\/deportes\/wp-json\/wp\/v2\/media?parent=11460"}],"wp:term":[{"taxonomy":"category","embeddable":true,"href":"https:\/\/www.cordobatimes.com\/deportes\/wp-json\/wp\/v2\/categories?post=11460"},{"taxonomy":"post_tag","embeddable":true,"href":"https:\/\/www.cordobatimes.com\/deportes\/wp-json\/wp\/v2\/tags?post=11460"}],"curies":[{"name":"wp","href":"https:\/\/api.w.org\/{rel}","templated":true}]}}