{"id":11309,"date":"2014-04-06T19:44:05","date_gmt":"2014-04-06T22:44:05","guid":{"rendered":"http:\/\/www.cordobatimes.com\/deportes\/?p=11309"},"modified":"2014-04-06T19:45:59","modified_gmt":"2014-04-06T22:45:59","slug":"anelka-jugara-para-atletico-mineiro","status":"publish","type":"post","link":"https:\/\/www.cordobatimes.com\/deportes\/futbol\/2014\/04\/06\/anelka-jugara-para-atletico-mineiro\/","title":{"rendered":"Anelka jugara para Atl\u00e9tico Mineiro"},"content":{"rendered":"<h3><a href=\"http:\/\/www.cordobatimes.com\/deportes\/wp-content\/uploads\/2014\/04\/anelka.jpg\"><img loading=\"lazy\" decoding=\"async\" class=\"size-full wp-image-11315 aligncenter\" alt=\"anelka\" src=\"http:\/\/www.cordobatimes.com\/deportes\/wp-content\/uploads\/2014\/04\/anelka.jpg\" width=\"600\" height=\"400\" data-id=\"11315\" srcset=\"https:\/\/www.cordobatimes.com\/deportes\/wp-content\/uploads\/2014\/04\/anelka.jpg 600w, https:\/\/www.cordobatimes.com\/deportes\/wp-content\/uploads\/2014\/04\/anelka-300x200.jpg 300w\" sizes=\"auto, (max-width: 600px) 100vw, 600px\" \/><\/a><\/h3>\n<h3>El club, defensor del titulo internacional sudamericano , la Copa Libertadores, contrato al franc\u00e9s Nicolas Anelka, el cual sera parte del equipo a partir de octavos de final de dicho certamen.<\/h3>\n<p>&nbsp;<\/p>\n<p>Siguiendo la tendencia de los \u00faltimos a\u00f1os, donde jugadores europeos prefieren el suelo carioca para retirarse y habiendo recibido el visto bueno por parte del equipo de\u00a0Ronaldinho, el galo Nicolas Anelka, sumara sus servicios y su cuota goleadora, a un Atl\u00e9tico Mineiro que le dar\u00e1 buen uso a su posici\u00f3n de referente de \u00e1rea.<\/p>\n<p>El nacido en Versalles, Francia tiene 35 a\u00f1os y viene al equipo de un viejo conocido, quien fuera el mejor jugador del mundo en su \u00e9poca, Ronaldinho Gaucho. Estos se conocieron en el PSG, club que vio nacer a &#8220;Niko&#8221; y que cont\u00f3 con los servicios de un joven Dhino en su temprano paso europeo.<\/p>\n<p>El &#8220;puma&#8221; Anelka es un jugador con gran trayectoria en la selecci\u00f3n nacional de Francia, como as\u00ed tambi\u00e9n en el f\u00fatbol europeo, habiendo participado en casi 700 partidos jugando para Chelsea, Manchester City, Liverpool, Arsenal,Juventus, Real Madrid y PSG. De este modo, West Bromwich Albion, fue el ultimo equipo desde donde se unir\u00e1 a las filas del Mineiro, al lado de &#8220;Dhino&#8221;.<\/p>\n","protected":false},"excerpt":{"rendered":"<p>El club, defensor del titulo internacional sudamericano , la Copa Libertadores, contrato al franc\u00e9s Nicolas Anelka, el cual sera parte del equipo a partir de octavos de final de dicho certamen. &nbsp; Siguiendo la tendencia de los \u00faltimos a\u00f1os, donde jugadores europeos prefieren el suelo carioca para retirarse y habiendo recibido el visto bueno por [&hellip;]<\/p>\n","protected":false},"author":17,"featured_media":11315,"comment_status":"open","ping_status":"open","sticky":false,"template":"","format":"standard","meta":{"_seopress_robots_primary_cat":"","_seopress_titles_title":"","_seopress_titles_desc":"","_seopress_robots_index":"","footnotes":""},"categories":[23,2],"tags":[1333,1169,219,1155,855],"class_list":["post-11309","post","type-post","status-publish","format-standard","has-post-thumbnail","hentry","category-copa-sudamericana","category-futbol","tag-anelka","tag-atletico-mineiro","tag-copa-libertadores-2","tag-psg","tag-ronaldinho"],"_links":{"self":[{"href":"https:\/\/www.cordobatimes.com\/deportes\/wp-json\/wp\/v2\/posts\/11309","targetHints":{"allow":["GET"]}}],"collection":[{"href":"https:\/\/www.cordobatimes.com\/deportes\/wp-json\/wp\/v2\/posts"}],"about":[{"href":"https:\/\/www.cordobatimes.com\/deportes\/wp-json\/wp\/v2\/types\/post"}],"author":[{"embeddable":true,"href":"https:\/\/www.cordobatimes.com\/deportes\/wp-json\/wp\/v2\/users\/17"}],"replies":[{"embeddable":true,"href":"https:\/\/www.cordobatimes.com\/deportes\/wp-json\/wp\/v2\/comments?post=11309"}],"version-history":[{"count":0,"href":"https:\/\/www.cordobatimes.com\/deportes\/wp-json\/wp\/v2\/posts\/11309\/revisions"}],"wp:featuredmedia":[{"embeddable":true,"href":"https:\/\/www.cordobatimes.com\/deportes\/wp-json\/wp\/v2\/media\/11315"}],"wp:attachment":[{"href":"https:\/\/www.cordobatimes.com\/deportes\/wp-json\/wp\/v2\/media?parent=11309"}],"wp:term":[{"taxonomy":"category","embeddable":true,"href":"https:\/\/www.cordobatimes.com\/deportes\/wp-json\/wp\/v2\/categories?post=11309"},{"taxonomy":"post_tag","embeddable":true,"href":"https:\/\/www.cordobatimes.com\/deportes\/wp-json\/wp\/v2\/tags?post=11309"}],"curies":[{"name":"wp","href":"https:\/\/api.w.org\/{rel}","templated":true}]}}