{"id":11295,"date":"2014-04-06T12:43:27","date_gmt":"2014-04-06T15:43:27","guid":{"rendered":"http:\/\/www.cordobatimes.com\/deportes\/?p=11295"},"modified":"2014-04-06T18:43:45","modified_gmt":"2014-04-06T21:43:45","slug":"top-race-v6-micheloud-gano-en-san-luis","status":"publish","type":"post","link":"https:\/\/www.cordobatimes.com\/deportes\/automovilismo\/2014\/04\/06\/top-race-v6-micheloud-gano-en-san-luis\/","title":{"rendered":"Top Race V6: Micheloud gan\u00f3 en San Luis"},"content":{"rendered":"<h3><a href=\"http:\/\/www.cordobatimes.com\/deportes\/wp-content\/uploads\/2014\/04\/podiotr.jpg\"><img loading=\"lazy\" decoding=\"async\" class=\"alignnone size-full wp-image-11300\" alt=\"podiotr\" src=\"http:\/\/www.cordobatimes.com\/deportes\/wp-content\/uploads\/2014\/04\/podiotr.jpg\" width=\"1300\" height=\"860\" data-id=\"11300\" srcset=\"https:\/\/www.cordobatimes.com\/deportes\/wp-content\/uploads\/2014\/04\/podiotr.jpg 1300w, https:\/\/www.cordobatimes.com\/deportes\/wp-content\/uploads\/2014\/04\/podiotr-300x198.jpg 300w, https:\/\/www.cordobatimes.com\/deportes\/wp-content\/uploads\/2014\/04\/podiotr-1024x677.jpg 1024w\" sizes=\"auto, (max-width: 1300px) 100vw, 1300px\" \/><\/a><\/h3>\n<h3>En una final m\u00e1s que emotiva por su inesperado desenlace, Gustavo Micheloud se qued\u00f3 con el primer podio de una carrera que Canapino lider\u00f3 desde la primera a la \u00faltima vuelta, hasta que,faltando una curva, se le rompi\u00f3 un diferencial y cedi\u00f3 la punta. Juan Cruz \u00c1lvarez en su retorno,\u00a0termin\u00f3 segundo y el arrecife\u00f1o, con el impulso que le quedaba, cruz\u00f3 tercero la bandera a\u00a0cuadros.<\/h3>\n<p>&nbsp;<\/p>\n<p>&nbsp;<\/p>\n<p>A Agust\u00edn Canapino, s\u00f3lo le faltaba ganar la final del Top Race V6 para erigirse como ganador\u00a0absoluto de todas las pruebas en las que compiti\u00f3, pero el destino as\u00ed no lo quiso. El campe\u00f3n\u00a0vigente de la categor\u00eda corri\u00f3 las \u00faltimas cinco vueltas con un diferencial en malas condiciones\u00a0y a cien metros del final termin\u00f3 de romperse.<\/p>\n<p>All\u00ed lo sobrepas\u00f3 Micheloud y, adem\u00e1s, Juan Cruz \u00c1lvarez que retornaba luego de una operaci\u00f3n,pero en el Schick Racing. Micheloud y Canapino, que repitieron podio, hab\u00edan protagonizado un\u00a0toque en las primeras vueltas que casi deriva en un despiste del piloto del Sportteam, equipo\u00a0que hizo un gran trabajo a la hora del cambio de neum\u00e1ticos.<\/p>\n<p>Reci\u00e9n luego de la decimocuarta vuelta Canapino se trep\u00f3 a la punta, y cinco giros despu\u00e9s\u00a0\u00c1lvarez rebas\u00f3 a Caito Risatti, de excelente performance en su primera carrera luego de\u00a0regreso al Top Race desde el 2008.<\/p>\n<p>Por tan solo cien metros, quien hab\u00eda ganado absolutamente todo en el fin de semana, no\u00a0pudo consagrarse en cada una de las pruebas que compiti\u00f3. Y as\u00ed opin\u00f3, luego de bajar los decibeles obvios que propina una final: <em>\u201cMe voy con un espina clavada, si no lo reconociera,\u00a0ser\u00eda mentira. De todas maneras, por lo hecho en el fin de semana, me voy\u00a0sabiendo que\u00a0dej\u00e9 todo. Los fierro son as\u00ed y no hay vuelta que darle\u201d.<\/em><\/p>\n<p>Gustavo Micheloud, quien encabeza el torneo del Top Race V6, fue autocr\u00edtico y reconoci\u00f3\u00a0que<em id=\"__mceDel\"><em id=\"__mceDel\"> \u201cAgust\u00edn fue quien mereci\u00f3 ganar, porque supo defender cada ataque y resisti\u00f3 como s<em id=\"__mceDel\">abe hasta el final. Lo dem\u00e1s, fue todo m\u00e9rito de la suerte\u201d.<\/em><\/em><\/em><\/p>\n<p><em id=\"__mceDel\">\u00a0<\/em><\/p>\n<p>FINAL TOPRACE V6<\/p>\n<p>1 333 MICHELOUD GUSTAVO MONDEO 30 47;29,238<\/p>\n<p>2 2 ALVAREZ JUAN CRUZ PASSAT 30 47;29,633 0,395<\/p>\n<p>3 1 CANAPINO AGUSTIN MERCEDES 30 47;29,721 0,483<\/p>\n<p>4 29 RISSATI RICARDO PASSAT 30 47;30,015 0,777<\/p>\n<p>5 17 COTIGNOLA NICOLAS MONDEO 30 47;30,567 1,329<\/p>\n<p>6 3 MORGENSTERN RAFAEL LANCER 30 47;31,122 1,884<\/p>\n<p>7 666 TADEI GUSTAVO CRUZE 30 47;34,507 5,269<\/p>\n<p>8 55 AGRELO MARCELO CRUZE 30 47;35,671 6,433<\/p>\n<p>9 317 DI PALMA MARCOS PASSAT 30 47;36,480 7,242<\/p>\n<p>10 9 SIRVENT GERMAN CRUZE 30 47;40,834 11,596<\/p>\n<p>11 63 GIROLAMI NESTOR LANCER 30 47;41,155 11,917<\/p>\n<p>12 10 AZAR DIEGO MERCEDES 30 47;45,991 16,753<\/p>\n<p>13 23 BENAMO LUCAS PASSAT 30 47;50,699 21,461<\/p>\n<p>14 7 SGANGA ANTONINO MERCEDES 30 47;58,780 29,542<\/p>\n<p>15 12 MOISES FEDERICO MERCEDES 30 48;11,309 42,071<\/p>\n<p>16 18 VAZQUEZ MARCOS LANCER 30 48;11,769 42,531<\/p>\n<p>17 31 GIROLAMI FRANCO PASSAT 30 48;21,611 52,373<\/p>\n<p>18 33 CHAR IGNACIO PASSAT 30 48;49,513 1;20,275<\/p>\n<p>19 19 KRUJOSKI HUMBERTO MERCEDES 30 48;52,622 1;23,384<\/p>\n","protected":false},"excerpt":{"rendered":"<p>En una final m\u00e1s que emotiva por su inesperado desenlace, Gustavo Micheloud se qued\u00f3 con el primer podio de una carrera que Canapino lider\u00f3 desde la primera a la \u00faltima vuelta, hasta que,faltando una curva, se le rompi\u00f3 un diferencial y cedi\u00f3 la punta. Juan Cruz \u00c1lvarez en su retorno,\u00a0termin\u00f3 segundo y el arrecife\u00f1o, con [&hellip;]<\/p>\n","protected":false},"author":6,"featured_media":11300,"comment_status":"open","ping_status":"open","sticky":false,"template":"","format":"standard","meta":{"_seopress_robots_primary_cat":"","_seopress_titles_title":"","_seopress_titles_desc":"","_seopress_robots_index":"","footnotes":""},"categories":[1,15],"tags":[2176,196],"class_list":["post-11295","post","type-post","status-publish","format-standard","has-post-thumbnail","hentry","category-automovilismo","category-top-race","tag-gustavo-micheloud","tag-top-race-v6"],"_links":{"self":[{"href":"https:\/\/www.cordobatimes.com\/deportes\/wp-json\/wp\/v2\/posts\/11295","targetHints":{"allow":["GET"]}}],"collection":[{"href":"https:\/\/www.cordobatimes.com\/deportes\/wp-json\/wp\/v2\/posts"}],"about":[{"href":"https:\/\/www.cordobatimes.com\/deportes\/wp-json\/wp\/v2\/types\/post"}],"author":[{"embeddable":true,"href":"https:\/\/www.cordobatimes.com\/deportes\/wp-json\/wp\/v2\/users\/6"}],"replies":[{"embeddable":true,"href":"https:\/\/www.cordobatimes.com\/deportes\/wp-json\/wp\/v2\/comments?post=11295"}],"version-history":[{"count":0,"href":"https:\/\/www.cordobatimes.com\/deportes\/wp-json\/wp\/v2\/posts\/11295\/revisions"}],"wp:featuredmedia":[{"embeddable":true,"href":"https:\/\/www.cordobatimes.com\/deportes\/wp-json\/wp\/v2\/media\/11300"}],"wp:attachment":[{"href":"https:\/\/www.cordobatimes.com\/deportes\/wp-json\/wp\/v2\/media?parent=11295"}],"wp:term":[{"taxonomy":"category","embeddable":true,"href":"https:\/\/www.cordobatimes.com\/deportes\/wp-json\/wp\/v2\/categories?post=11295"},{"taxonomy":"post_tag","embeddable":true,"href":"https:\/\/www.cordobatimes.com\/deportes\/wp-json\/wp\/v2\/tags?post=11295"}],"curies":[{"name":"wp","href":"https:\/\/api.w.org\/{rel}","templated":true}]}}