{"id":11294,"date":"2014-04-06T18:40:38","date_gmt":"2014-04-06T21:40:38","guid":{"rendered":"http:\/\/www.cordobatimes.com\/deportes\/?p=11294"},"modified":"2014-04-06T18:40:38","modified_gmt":"2014-04-06T21:40:38","slug":"rafaela-se-durmio-y-quilmes-se-lo-empato-de-arriba","status":"publish","type":"post","link":"https:\/\/www.cordobatimes.com\/deportes\/futbol\/2014\/04\/06\/rafaela-se-durmio-y-quilmes-se-lo-empato-de-arriba\/","title":{"rendered":"Rafaela se durmi\u00f3 y Quilmes se lo empat\u00f3 de arriba"},"content":{"rendered":"<h3 style=\"text-align: justify;\"><strong><a href=\"http:\/\/www.cordobatimes.com\/deportes\/wp-content\/uploads\/2014\/04\/lema_quilmes.png\"><img loading=\"lazy\" decoding=\"async\" class=\"alignnone size-full wp-image-11298\" style=\"margin: 5px;\" alt=\"lema_quilmes\" src=\"http:\/\/www.cordobatimes.com\/deportes\/wp-content\/uploads\/2014\/04\/lema_quilmes.png\" width=\"794\" height=\"422\" data-id=\"11298\" srcset=\"https:\/\/www.cordobatimes.com\/deportes\/wp-content\/uploads\/2014\/04\/lema_quilmes.png 794w, https:\/\/www.cordobatimes.com\/deportes\/wp-content\/uploads\/2014\/04\/lema_quilmes-300x159.png 300w\" sizes=\"auto, (max-width: 794px) 100vw, 794px\" \/><\/a>El conjunto de Burruchaga ganaba 2 a 0, pero el &#8220;cervecero&#8221; se recuper\u00f3 y lo igual\u00f3 con dos cabezazos. Los goles los marcaron Andr\u00e9s Rodales y Alexis Niz, para los santafecinos, mientras que Sebasti\u00e1n Mart\u00ednez y Cristian Lema hicieron lo suyo para los de Caruso Lombardi.<\/strong><\/h3>\n<p>&nbsp;<\/p>\n<p><iframe loading=\"lazy\" src=\"\/\/www.youtube.com\/embed\/D3Qgq4ns_mU\" height=\"315\" width=\"560\" allowfullscreen=\"\" frameborder=\"0\"><\/iframe><\/p>\n<p><iframe loading=\"lazy\" src=\"\/\/www.youtube.com\/embed\/-W9V6naLtD0\" height=\"315\" width=\"560\" allowfullscreen=\"\" frameborder=\"0\"><\/iframe><\/p>\n<p><iframe loading=\"lazy\" src=\"\/\/www.youtube.com\/embed\/wcuPQfkfhmE\" height=\"315\" width=\"560\" allowfullscreen=\"\" frameborder=\"0\"><\/iframe><\/p>\n<p><iframe loading=\"lazy\" src=\"\/\/www.youtube.com\/embed\/rrgyBf1NXPE\" height=\"315\" width=\"560\" allowfullscreen=\"\" frameborder=\"0\"><\/iframe><\/p>\n","protected":false},"excerpt":{"rendered":"<p>El conjunto de Burruchaga ganaba 2 a 0, pero el &#8220;cervecero&#8221; se recuper\u00f3 y lo igual\u00f3 con dos cabezazos. Los goles los marcaron Andr\u00e9s Rodales y Alexis Niz, para los santafecinos, mientras que Sebasti\u00e1n Mart\u00ednez y Cristian Lema hicieron lo suyo para los de Caruso Lombardi. &nbsp;<\/p>\n","protected":false},"author":5,"featured_media":11298,"comment_status":"open","ping_status":"open","sticky":false,"template":"","format":"standard","meta":{"_seopress_robots_primary_cat":"","_seopress_titles_title":"","_seopress_titles_desc":"","_seopress_robots_index":"","footnotes":""},"categories":[2,16],"tags":[501,99,1816],"class_list":["post-11294","post","type-post","status-publish","format-standard","has-post-thumbnail","hentry","category-futbol","category-primera-division","tag-atletico-rafaela","tag-quilmes","tag-torneo-final"],"_links":{"self":[{"href":"https:\/\/www.cordobatimes.com\/deportes\/wp-json\/wp\/v2\/posts\/11294","targetHints":{"allow":["GET"]}}],"collection":[{"href":"https:\/\/www.cordobatimes.com\/deportes\/wp-json\/wp\/v2\/posts"}],"about":[{"href":"https:\/\/www.cordobatimes.com\/deportes\/wp-json\/wp\/v2\/types\/post"}],"author":[{"embeddable":true,"href":"https:\/\/www.cordobatimes.com\/deportes\/wp-json\/wp\/v2\/users\/5"}],"replies":[{"embeddable":true,"href":"https:\/\/www.cordobatimes.com\/deportes\/wp-json\/wp\/v2\/comments?post=11294"}],"version-history":[{"count":0,"href":"https:\/\/www.cordobatimes.com\/deportes\/wp-json\/wp\/v2\/posts\/11294\/revisions"}],"wp:featuredmedia":[{"embeddable":true,"href":"https:\/\/www.cordobatimes.com\/deportes\/wp-json\/wp\/v2\/media\/11298"}],"wp:attachment":[{"href":"https:\/\/www.cordobatimes.com\/deportes\/wp-json\/wp\/v2\/media?parent=11294"}],"wp:term":[{"taxonomy":"category","embeddable":true,"href":"https:\/\/www.cordobatimes.com\/deportes\/wp-json\/wp\/v2\/categories?post=11294"},{"taxonomy":"post_tag","embeddable":true,"href":"https:\/\/www.cordobatimes.com\/deportes\/wp-json\/wp\/v2\/tags?post=11294"}],"curies":[{"name":"wp","href":"https:\/\/api.w.org\/{rel}","templated":true}]}}