{"id":11225,"date":"2014-04-05T19:04:00","date_gmt":"2014-04-05T22:04:00","guid":{"rendered":"http:\/\/www.cordobatimes.com\/deportes\/?p=11225"},"modified":"2014-04-05T22:09:17","modified_gmt":"2014-04-06T01:09:17","slug":"turismo-nacional-c3-rossi-siempre-rossi","status":"publish","type":"post","link":"https:\/\/www.cordobatimes.com\/deportes\/automovilismo\/2014\/04\/05\/turismo-nacional-c3-rossi-siempre-rossi\/","title":{"rendered":"Turismo Nacional C3: Rossi siempre Rossi"},"content":{"rendered":"<h3><a href=\"http:\/\/www.cordobatimes.com\/deportes\/wp-content\/uploads\/2014\/04\/rossi.jpg\"><img loading=\"lazy\" decoding=\"async\" class=\"alignnone size-full wp-image-11226\" alt=\"rossi\" src=\"http:\/\/www.cordobatimes.com\/deportes\/wp-content\/uploads\/2014\/04\/rossi.jpg\" width=\"620\" height=\"465\" data-id=\"11226\" srcset=\"https:\/\/www.cordobatimes.com\/deportes\/wp-content\/uploads\/2014\/04\/rossi.jpg 620w, https:\/\/www.cordobatimes.com\/deportes\/wp-content\/uploads\/2014\/04\/rossi-300x225.jpg 300w\" sizes=\"auto, (max-width: 620px) 100vw, 620px\" \/><\/a><\/h3>\n<h3>El piloto de Del Viso logr\u00f3 la pole position en la tercera fecha del Campeonato Argentino 2014 sobre el Citroen C4 del equipo Citroen Boero Carrera Pro.<\/h3>\n<p>&nbsp;<\/p>\n<p>&nbsp;<\/p>\n<p>Mat\u00edas Rossi logr\u00f3 la pole position en la tercera clasificaci\u00f3n anual de Turismo Nacional disputada en horas de la tarde de hoy en el Aut\u00f3dromo Parque Provincia del Neuquen (Centenario). El piloto del equipo Citroen Boero Carrera Pro cronometr\u00f3 1.46.877\/1000, asegur\u00e1ndose la primera posici\u00f3n de partida en la primera serie que se largar\u00e1 en el d\u00eda de ma\u00f1ana, a las 09.30 horas.<br \/>\nLa etapa clasificatoria la abri\u00f3 el Grupo C, en el que Juan Pablo Koch confirm\u00f3 los excelentes parciales obtenidos en esta fecha al cronometrar 1.47.332\/1000, tiempo que le permiti\u00f3 ser medio segundo m\u00e1s r\u00e1pido que el cordob\u00e9s Pablo Piumetto, quien lider\u00f3 parte de la etapa clasificatoria. Los cinco primeros del primer parcial los completaban Ariel Pacho, Roberto Luna y Leandro Carducci.<br \/>\nCuando el Grupo A toc\u00f3 pista, las novedades se vieron reflejadas en el clasificador oficial. Rossi apareci\u00f3 veloz con el Citroen C4 para cronometrar 1.46.877\/1000, siendo casi medio segundo m\u00e1s r\u00e1pido que Koch. Tras Rossi se filtr\u00f3 Pablo Merayo, quien super\u00f3 a Koch por dos d\u00e9cimas, la misma diferencia que lo separ\u00f3 de la pole de Rossi.<br \/>\nBruno Bosio tambi\u00e9n comenzaba a destacarse siendo tercero en el segundo grupo, pero quedando cuarto en la general. Juan Pipkin, en tanto, remontaba un adverso fin de semana con un cuarto puesto en el grupo y el quinto en la general, quedando por delante de Ivan Saturni. As\u00ed las cosas, Rossi punteaba sobre Merayo, Koch, Bosio y Pipkin, quienes completaban los cinco primeros. Entre los cinco primeros pilotos no surgieron novedades importantes con los pilotos integrantes del Grupo B, en el que se destac\u00f3 Jonatan Castellano (8\u00ba en la general), por delante de Leonel Pern\u00eda (noveno) y Fabricio Pezzini, que se colocaba 13\u00ba en los c\u00f3mputos oficiales.<br \/>\nMat\u00edas Rossi largar\u00e1 primero en la primera serie, por delante de Bruno Bosio, Sebasti\u00e1n G\u00f3mez, Esteban Tuero y Fabricio Pezzini. En el segundo corte, Pablo Merayo largar\u00e1 por delante de Juan Pipkin, Jonatan Castellano, Mariano Werner y Pablo Piumetto. En tanto, el tercer chico tendr\u00e1 a Juan Pablo Koch largando en punta, seguido por Ivan Saturni, Leonel Pernia, Facundo Chapur y Ernesto Bessone.<br \/>\nLa de este S\u00e1bado ha sido otra jornada clasificatoria en la que qued\u00f3 demostrada la creciente paridad entre las marcas y modelos de Turismo Nacional, encontr\u00e1ndose diez modelos y marcas distintas en las once primeras posiciones. Desde las 09,30 horas, se iniciar\u00e1 el \u00faltimo d\u00eda de actividad oficial para Turismo Nacional en Neuquen.<\/p>\n<p><strong>Clasificaci\u00f3n \u00a0Turismo Nacional C3<\/strong><\/p>\n<p>1. Rossi (C4), 1.46.877<br \/>\n2. Merayo (Lancer), a 0.246<br \/>\n3. Koch (Lancer), a 0.455<br \/>\n4. Bosio (Focus), a 0.659<br \/>\n5. Pipkin (Cruze), a 0.682<br \/>\n6. Saturni (Focus), a 0.698<br \/>\n7. Gomez (Kia), a 0.709<br \/>\n8. Castellano (Vectra), a 0.737<br \/>\n9. Pernia (M\u00e9gane RS), a 0.760<br \/>\n10. Tuero (Linea), a 0.793<\/p>\n<p>&nbsp;<\/p>\n<h6>Creditos: Prensa APAT<\/h6>\n","protected":false},"excerpt":{"rendered":"<p>El piloto de Del Viso logr\u00f3 la pole position en la tercera fecha del Campeonato Argentino 2014 sobre el Citroen C4 del equipo Citroen Boero Carrera Pro. &nbsp; &nbsp; Mat\u00edas Rossi logr\u00f3 la pole position en la tercera clasificaci\u00f3n anual de Turismo Nacional disputada en horas de la tarde de hoy en el Aut\u00f3dromo Parque [&hellip;]<\/p>\n","protected":false},"author":6,"featured_media":11226,"comment_status":"open","ping_status":"open","sticky":false,"template":"","format":"standard","meta":{"_seopress_robots_primary_cat":"","_seopress_titles_title":"","_seopress_titles_desc":"","_seopress_robots_index":"","footnotes":""},"categories":[1,12],"tags":[469,676],"class_list":["post-11225","post","type-post","status-publish","format-standard","has-post-thumbnail","hentry","category-automovilismo","category-turismo-nacional","tag-matias-rossi","tag-turismo-nacional-clase3"],"_links":{"self":[{"href":"https:\/\/www.cordobatimes.com\/deportes\/wp-json\/wp\/v2\/posts\/11225","targetHints":{"allow":["GET"]}}],"collection":[{"href":"https:\/\/www.cordobatimes.com\/deportes\/wp-json\/wp\/v2\/posts"}],"about":[{"href":"https:\/\/www.cordobatimes.com\/deportes\/wp-json\/wp\/v2\/types\/post"}],"author":[{"embeddable":true,"href":"https:\/\/www.cordobatimes.com\/deportes\/wp-json\/wp\/v2\/users\/6"}],"replies":[{"embeddable":true,"href":"https:\/\/www.cordobatimes.com\/deportes\/wp-json\/wp\/v2\/comments?post=11225"}],"version-history":[{"count":0,"href":"https:\/\/www.cordobatimes.com\/deportes\/wp-json\/wp\/v2\/posts\/11225\/revisions"}],"wp:featuredmedia":[{"embeddable":true,"href":"https:\/\/www.cordobatimes.com\/deportes\/wp-json\/wp\/v2\/media\/11226"}],"wp:attachment":[{"href":"https:\/\/www.cordobatimes.com\/deportes\/wp-json\/wp\/v2\/media?parent=11225"}],"wp:term":[{"taxonomy":"category","embeddable":true,"href":"https:\/\/www.cordobatimes.com\/deportes\/wp-json\/wp\/v2\/categories?post=11225"},{"taxonomy":"post_tag","embeddable":true,"href":"https:\/\/www.cordobatimes.com\/deportes\/wp-json\/wp\/v2\/tags?post=11225"}],"curies":[{"name":"wp","href":"https:\/\/api.w.org\/{rel}","templated":true}]}}