{"id":11178,"date":"2014-04-05T21:00:08","date_gmt":"2014-04-06T00:00:08","guid":{"rendered":"http:\/\/www.cordobatimes.com\/deportes\/?p=11178"},"modified":"2019-04-11T22:28:57","modified_gmt":"2019-04-12T01:28:57","slug":"en-el-debut-de-ghiso-talleres-igualo-con-el-puntero-video","status":"publish","type":"post","link":"https:\/\/www.cordobatimes.com\/deportes\/futbol\/2014\/04\/05\/en-el-debut-de-ghiso-talleres-igualo-con-el-puntero-video\/","title":{"rendered":"En el debut de Ghiso, Talleres igual\u00f3 con el puntero (Video)"},"content":{"rendered":"<h3 style=\"text-align: justify;\"><strong>Por la fecha 32 del Nacional B, la &#8220;T&#8221; empat\u00f3 0 a 0 ante Defensa y Justicia en el Kempes y sigue muy complicado con el descenso. El local jug\u00f3 mejor que su rival pero no pudo marcar la diferencia en el arco de Pellegrino.<\/strong><\/h3>\n<p style=\"text-align: justify;\">Con nuevo entrenador, Talleres recibi\u00f3 en el Kempes al l\u00edder la B Nacional en busca de un triunfo que mantenga vivas las chances de mantener la categor\u00eda.<\/p>\n<p style=\"text-align: justify;\">La &#8220;T&#8221; manej\u00f3 mejor la pelota en el primer tiempo y de la mano del joven Pav\u00f3n, el local tuvo algunas situaciones claras para convertir el primero. Sin embargo la paridad se mantuvo en los primeros 45 minutos.<\/p>\n<p style=\"text-align: justify;\">En la segunda etapa, Defensa y Justicia sali\u00f3 con todo y casi marca el 1 a 0, tras un remate de Triverio, a los 4 minutos, que dio en el palo del arco defendido por Pablo Santillo.<\/p>\n<p style=\"text-align: justify;\">Finalmente, ninguno de los dos pudo concretar las chances generadas y el cero a cero fue el resultado definitivo. Sin dudas, el punto se festej\u00f3 en Varela, que est\u00e1 muy cerca de concretar el hist\u00f3rico ascenso a Primera Divisi\u00f3n.<\/p>\n<p style=\"text-align: justify;\">Talleres, por su parte, no levanta cabeza y debe comenzar a sumar de a tres si quiere mantenerse en la categor\u00eda. El Matador se ubica ante\u00faltimo en la tabla de promedios con 33 puntos en 32 jornadas.<\/p>\n<p style=\"text-align: justify;\"><strong>Formaciones<\/strong><\/p>\n<p style=\"text-align: justify;\"><strong>Talleres<\/strong>: Pablo Santillo; Gast\u00f3n Bottino, Esteban Burgos, Renzo Vera y Jos\u00e9 Shaffer; Marcelo Vega, Nery Leyes, Agust\u00edn D\u00edaz y Cristian Pav\u00f3n; Favio Alvarez; Gonzalo Klusener. DT: Jorge Ghiso.<\/p>\n<p style=\"text-align: justify;\"><strong>Defensa y Justicia<\/strong>: Fernando Pellegrino; Javier B\u00e1ez, Juan Tejera, Emir Faccioli y Marcelo Ben\u00edtez; Axel Ju\u00e1rez, Emanuel Aguilera, Nelson Acevedo y Washington Camacho; Enrique Triverio y Juan Mart\u00edn Lucero. DT: Diego Cocca.<\/p>\n<p style=\"text-align: justify;\"><strong>\u00c1rbitro<\/strong>: Silvio Trucco.<\/p>\n<p style=\"text-align: justify;\"><strong>Cancha<\/strong>: Estadio Kempes.<\/p>\n<p style=\"text-align: justify;\"><strong>Mir\u00e1 el remate en el palo de Triverio<\/strong><\/p>\n<p><iframe loading=\"lazy\" src=\"\/\/www.youtube.com\/embed\/cXGdsIBn5n8\" width=\"560\" height=\"315\" frameborder=\"0\" allowfullscreen=\"allowfullscreen\"><\/iframe><\/p>\n<p><strong>\u00daLTIMOS PUESTOS DEL DESCENSO<\/strong><\/p>\n<div id=\"estadisticas-pagina-130\">\n<table>\n<tbody>\n<tr>\n<td>14<\/td>\n<td><img decoding=\"async\" src=\"http:\/\/1-ps.googleusercontent.com\/x\/www.futbolparatodos.com.ar\/img.futbolparatodos.com.ar\/wp-content\/uploads\/brown-de-adrogue-55x55.png.pagespeed.ce.gZOCf9kr65.png\" alt=\"Brown de Adrogue\" width=\"28\" \/>BROWN DE ADROGUE<\/td>\n<td>0<\/td>\n<td>0<\/td>\n<td>39<\/td>\n<td>39<\/td>\n<td>31<\/td>\n<td>1.258<\/td>\n<\/tr>\n<tr>\n<td>15<\/td>\n<td><img decoding=\"async\" src=\"http:\/\/1-ps.googleusercontent.com\/x\/www.futbolparatodos.com.ar\/img.futbolparatodos.com.ar\/wp-content\/uploads\/independiente-rivadavia-mendoza-55x55.png.pagespeed.ce.DQswO85jAS.png\" alt=\"Independiente RM\" width=\"28\" \/>INDEPENDIENTE RM<\/td>\n<td>45<\/td>\n<td>48<\/td>\n<td>41<\/td>\n<td>134<\/td>\n<td>107<\/td>\n<td>1.252<\/td>\n<\/tr>\n<tr>\n<td>16<\/td>\n<td><img decoding=\"async\" src=\"http:\/\/1-ps.googleusercontent.com\/x\/www.futbolparatodos.com.ar\/img.futbolparatodos.com.ar\/wp-content\/uploads\/douglas-haig-55x55.png.pagespeed.ce.7pzXiVIW_4.png\" alt=\"Douglas Haig\" width=\"28\" \/>DOUGLAS HAIG<\/td>\n<td>0<\/td>\n<td>49<\/td>\n<td>38<\/td>\n<td>87<\/td>\n<td>70<\/td>\n<td>1.243<\/td>\n<\/tr>\n<tr>\n<td>17<\/td>\n<td><img decoding=\"async\" src=\"http:\/\/1-ps.googleusercontent.com\/x\/www.futbolparatodos.com.ar\/img.futbolparatodos.com.ar\/wp-content\/uploads\/sportivo-belgrano-55x55.png.pagespeed.ce.inr7yLpDDI.png\" alt=\"Sportivo Belgrano\" width=\"28\" \/>SPORTIVO BELGRANO<\/td>\n<td>0<\/td>\n<td>0<\/td>\n<td>38<\/td>\n<td>38<\/td>\n<td>31<\/td>\n<td>1.226<\/td>\n<\/tr>\n<tr>\n<td>18<\/td>\n<td><img decoding=\"async\" src=\"http:\/\/1-ps.googleusercontent.com\/x\/www.futbolparatodos.com.ar\/img.futbolparatodos.com.ar\/wp-content\/uploads\/28xNxalmirante-brown-55x55.png.pagespeed.ic.ZtOzToyjXI.png\" alt=\"Almirante Brown\" width=\"28\" \/>ALMIRANTE BROWN<\/td>\n<td>55<\/td>\n<td>46<\/td>\n<td>30<\/td>\n<td>131<\/td>\n<td>107<\/td>\n<td>1.224<\/td>\n<\/tr>\n<tr>\n<td>19<\/td>\n<td><img decoding=\"async\" src=\"http:\/\/1-ps.googleusercontent.com\/x\/www.futbolparatodos.com.ar\/img.futbolparatodos.com.ar\/wp-content\/uploads\/28xNxaldosivi-55x55.png.pagespeed.ic.ZDzZs8phNn.png\" alt=\"Aldosivi\" width=\"28\" \/>ALDOSIVI<\/td>\n<td>53<\/td>\n<td>44<\/td>\n<td>34<\/td>\n<td>131<\/td>\n<td>107<\/td>\n<td>1.224<\/td>\n<\/tr>\n<tr>\n<td>20<\/td>\n<td><img decoding=\"async\" src=\"http:\/\/1-ps.googleusercontent.com\/x\/www.futbolparatodos.com.ar\/img.futbolparatodos.com.ar\/wp-content\/uploads\/28xNxgimnasia-y-esgrima-j-55x55.png.pagespeed.ic.mu1ctfdwoh.png\" alt=\"Gimnasia Jujuy\" width=\"28\" \/>GIMNASIA JUJUY<\/td>\n<td>34<\/td>\n<td>50<\/td>\n<td>44<\/td>\n<td>128<\/td>\n<td>107<\/td>\n<td>1.196<\/td>\n<\/tr>\n<tr>\n<td>21<\/td>\n<td><img decoding=\"async\" src=\"http:\/\/1-ps.googleusercontent.com\/x\/www.futbolparatodos.com.ar\/img.futbolparatodos.com.ar\/wp-content\/uploads\/talleres-cba-55x55.png.pagespeed.ce.auUPHT5aPv.png\" alt=\"Talleres Cba\" width=\"28\" \/>TALLERES CBA<\/td>\n<td>0<\/td>\n<td>0<\/td>\n<td>33<\/td>\n<td>33<\/td>\n<td>32<\/td>\n<td>1.031<\/td>\n<\/tr>\n<tr>\n<td>22<\/td>\n<td><img decoding=\"async\" src=\"http:\/\/1-ps.googleusercontent.com\/x\/www.futbolparatodos.com.ar\/img.futbolparatodos.com.ar\/wp-content\/uploads\/28xNxvilla-san-carlos-55x55.png.pagespeed.ic.2qstph1WZM.png\" alt=\"Villa San Carlos\" width=\"28\" \/>VILLA SAN CARLOS<\/td>\n<td>0<\/td>\n<td>0<\/td>\n<td>20<\/td>\n<td>20<\/td>\n<td>31<\/td>\n<td>0.645<\/td>\n<\/tr>\n<\/tbody>\n<\/table>\n<\/div>\n","protected":false},"excerpt":{"rendered":"<p>Por la fecha 32 del Nacional B, la &#8220;T&#8221; empat\u00f3 0 a 0 ante Defensa y Justicia en el Kempes y sigue muy complicado con el descenso. El local jug\u00f3 mejor que su rival pero no pudo marcar la diferencia en el arco de Pellegrino. Con nuevo entrenador, Talleres recibi\u00f3 en el Kempes al l\u00edder [&hellip;]<\/p>\n","protected":false},"author":10,"featured_media":11179,"comment_status":"open","ping_status":"open","sticky":false,"template":"","format":"standard","meta":{"_seopress_robots_primary_cat":"none","_seopress_titles_title":"","_seopress_titles_desc":"","_seopress_robots_index":"","footnotes":""},"categories":[2,17],"tags":[34,169,360,64,785,330,28,40,2415],"class_list":["post-11178","post","type-post","status-publish","format-standard","has-post-thumbnail","hentry","category-futbol","category-nacional-b","tag-b-nacional","tag-cordoba","tag-defensa-y-justicia","tag-futbol-2","tag-kempes","tag-nacional-b-2","tag-noticias-de-cordoba","tag-talleres","tag-triverio"],"_links":{"self":[{"href":"https:\/\/www.cordobatimes.com\/deportes\/wp-json\/wp\/v2\/posts\/11178","targetHints":{"allow":["GET"]}}],"collection":[{"href":"https:\/\/www.cordobatimes.com\/deportes\/wp-json\/wp\/v2\/posts"}],"about":[{"href":"https:\/\/www.cordobatimes.com\/deportes\/wp-json\/wp\/v2\/types\/post"}],"author":[{"embeddable":true,"href":"https:\/\/www.cordobatimes.com\/deportes\/wp-json\/wp\/v2\/users\/10"}],"replies":[{"embeddable":true,"href":"https:\/\/www.cordobatimes.com\/deportes\/wp-json\/wp\/v2\/comments?post=11178"}],"version-history":[{"count":0,"href":"https:\/\/www.cordobatimes.com\/deportes\/wp-json\/wp\/v2\/posts\/11178\/revisions"}],"wp:featuredmedia":[{"embeddable":true,"href":"https:\/\/www.cordobatimes.com\/deportes\/wp-json\/wp\/v2\/media\/11179"}],"wp:attachment":[{"href":"https:\/\/www.cordobatimes.com\/deportes\/wp-json\/wp\/v2\/media?parent=11178"}],"wp:term":[{"taxonomy":"category","embeddable":true,"href":"https:\/\/www.cordobatimes.com\/deportes\/wp-json\/wp\/v2\/categories?post=11178"},{"taxonomy":"post_tag","embeddable":true,"href":"https:\/\/www.cordobatimes.com\/deportes\/wp-json\/wp\/v2\/tags?post=11178"}],"curies":[{"name":"wp","href":"https:\/\/api.w.org\/{rel}","templated":true}]}}