{"id":11152,"date":"2014-04-05T13:12:09","date_gmt":"2014-04-05T16:12:09","guid":{"rendered":"http:\/\/www.cordobatimes.com\/deportes\/?p=11152"},"modified":"2014-04-05T14:18:38","modified_gmt":"2014-04-05T17:18:38","slug":"lanus-recibe-a-colon","status":"publish","type":"post","link":"https:\/\/www.cordobatimes.com\/deportes\/futbol\/2014\/04\/05\/lanus-recibe-a-colon\/","title":{"rendered":"Lan\u00fas recibe a Col\u00f3n"},"content":{"rendered":"<h3><a href=\"http:\/\/www.cordobatimes.com\/deportes\/wp-content\/uploads\/2014\/04\/fotos-Colon-Lanus_OLEIMA20120804_0191_8.jpg\"><img loading=\"lazy\" decoding=\"async\" class=\" wp-image-11156 aligncenter\" alt=\"fotos-Colon-Lanus_OLEIMA20120804_0191_8\" src=\"http:\/\/www.cordobatimes.com\/deportes\/wp-content\/uploads\/2014\/04\/fotos-Colon-Lanus_OLEIMA20120804_0191_8.jpg\" width=\"690\" height=\"541\" data-id=\"11156\" \/><\/a><\/h3>\n<h3>En el marco de la fecha 12, los Granates reciben al Sabalero en el estadio Ciudad de Lan\u00fas, desde las 19,15. Televisa la Tv P\u00fablica.<\/h3>\n<p>El equipo dirigido t\u00e1cticamente por los mellizos Barros Schelotto viene de perder en la ultima fecha ante Godoy Cruz, en Mendoza,lo cual lo deja con 16 puntos en el Torneo Final. Ademas el martes deber\u00e1 jugar en Chile ante O&#8217; Higgins,un partido que definir\u00e1 su clasificaci\u00f3n a octavos de final por la Copa Libertadores, aunque seg\u00fan Guillermo Barros Schelotto, la derrota ante el Tomba en suelo mendocino &#8220;los obliga a poner lo mejor ante Colon&#8221;.<\/p>\n<p>Por su parte los dirigidos por Diego Osella, son lideres del torneo con 21 puntos, a un punto de ventaja de sus perseguidores Velez y Racing. \u00a0En el Sabalero el animo es el mejor, pero aun debe seguir sumando para engrosar su promedio y escapar de los puestos de descenso que lo tienen con\u00a01,254 y superando a Tigre, All Boys, Godoy Cruz, Quilmes y Argentinos, siendo que los \u00faltimos tres est\u00e1n en \u00a0la zona para perder la categor\u00eda de Primera.<\/p>\n<div>Posibles Formaciones:<\/div>\n<p><strong>Col\u00f3n de Santa Fe:<\/strong>\u00a0Germ\u00e1n Montoya; Luis Castillo, Gerardo Alcoba, Lucas Landa y Cristian Sa\u00edn o Mart\u00edn Bittolo; Gabriel Graciani, Ezequiel Videla, C\u00e9sar Meli y Jacobo Mansilla; Lucas Alario y Facundo Curuchet. DT: Diego Osella.<br \/>\n<strong><\/strong><\/p>\n<p><strong>Lan\u00fas:<\/strong>\u00a0Agust\u00edn Marches\u00edn; Alejandro Silva, Paolo Goltz, Carlos Izquierdoz y Nicol\u00e1s Pasquini; V\u00edctor Ayala, Fernando Barrientos y Jorge Vald\u00e9z Chamorro; Jorge Pereyra D\u00edaz, Ismael Blanco y Marcos\u00a0 Astina. DT: Guillermo Barros Schelotto.<br \/>\n<strong><\/strong><br \/>\n<strong>Arbitro:<\/strong>\u00a0Jorge Bali\u00f1o.<\/p>\n<p>&nbsp;<\/p>\n","protected":false},"excerpt":{"rendered":"<p>En el marco de la fecha 12, los Granates reciben al Sabalero en el estadio Ciudad de Lan\u00fas, desde las 19,15. Televisa la Tv P\u00fablica. El equipo dirigido t\u00e1cticamente por los mellizos Barros Schelotto viene de perder en la ultima fecha ante Godoy Cruz, en Mendoza,lo cual lo deja con 16 puntos en el Torneo [&hellip;]<\/p>\n","protected":false},"author":17,"featured_media":11156,"comment_status":"open","ping_status":"open","sticky":false,"template":"","format":"standard","meta":{"_seopress_robots_primary_cat":"","_seopress_titles_title":"","_seopress_titles_desc":"","_seopress_robots_index":"","footnotes":""},"categories":[2,16],"tags":[674,53,2407,73,1245],"class_list":["post-11152","post","type-post","status-publish","format-standard","has-post-thumbnail","hentry","category-futbol","category-primera-division","tag-barros-schelotto","tag-colon","tag-diego-osellagranates","tag-lanus","tag-sabalero"],"_links":{"self":[{"href":"https:\/\/www.cordobatimes.com\/deportes\/wp-json\/wp\/v2\/posts\/11152","targetHints":{"allow":["GET"]}}],"collection":[{"href":"https:\/\/www.cordobatimes.com\/deportes\/wp-json\/wp\/v2\/posts"}],"about":[{"href":"https:\/\/www.cordobatimes.com\/deportes\/wp-json\/wp\/v2\/types\/post"}],"author":[{"embeddable":true,"href":"https:\/\/www.cordobatimes.com\/deportes\/wp-json\/wp\/v2\/users\/17"}],"replies":[{"embeddable":true,"href":"https:\/\/www.cordobatimes.com\/deportes\/wp-json\/wp\/v2\/comments?post=11152"}],"version-history":[{"count":0,"href":"https:\/\/www.cordobatimes.com\/deportes\/wp-json\/wp\/v2\/posts\/11152\/revisions"}],"wp:featuredmedia":[{"embeddable":true,"href":"https:\/\/www.cordobatimes.com\/deportes\/wp-json\/wp\/v2\/media\/11156"}],"wp:attachment":[{"href":"https:\/\/www.cordobatimes.com\/deportes\/wp-json\/wp\/v2\/media?parent=11152"}],"wp:term":[{"taxonomy":"category","embeddable":true,"href":"https:\/\/www.cordobatimes.com\/deportes\/wp-json\/wp\/v2\/categories?post=11152"},{"taxonomy":"post_tag","embeddable":true,"href":"https:\/\/www.cordobatimes.com\/deportes\/wp-json\/wp\/v2\/tags?post=11152"}],"curies":[{"name":"wp","href":"https:\/\/api.w.org\/{rel}","templated":true}]}}