{"id":11035,"date":"2014-04-03T09:30:49","date_gmt":"2014-04-03T12:30:49","guid":{"rendered":"http:\/\/www.cordobatimes.com\/deportes\/?p=11035"},"modified":"2014-04-03T15:58:30","modified_gmt":"2014-04-03T18:58:30","slug":"analisis-de-los-candidatos-primera-entrega-espana","status":"publish","type":"post","link":"https:\/\/www.cordobatimes.com\/deportes\/futbol\/2014\/04\/03\/analisis-de-los-candidatos-primera-entrega-espana\/","title":{"rendered":"An\u00e1lisis de los candidatos. Primera entrega: Espa\u00f1a"},"content":{"rendered":"<h3><strong><a href=\"http:\/\/www.cordobatimes.com\/deportes\/wp-content\/uploads\/2014\/04\/mundial-brasil-2014-1808012w620.jpg\"><img loading=\"lazy\" decoding=\"async\" class=\"size-full wp-image-11047 aligncenter\" alt=\"mundial-brasil-2014-1808012w620\" src=\"http:\/\/www.cordobatimes.com\/deportes\/wp-content\/uploads\/2014\/04\/mundial-brasil-2014-1808012w620.jpg\" width=\"620\" height=\"413\" data-id=\"11047\" srcset=\"https:\/\/www.cordobatimes.com\/deportes\/wp-content\/uploads\/2014\/04\/mundial-brasil-2014-1808012w620.jpg 620w, https:\/\/www.cordobatimes.com\/deportes\/wp-content\/uploads\/2014\/04\/mundial-brasil-2014-1808012w620-300x199.jpg 300w\" sizes=\"auto, (max-width: 620px) 100vw, 620px\" \/><\/a><\/strong><\/h3>\n<h3><strong>A lo largo de las siguientes dos semanas, en C\u00f3rdoba Times estudiaremos a las potencias mundiales. Aquellos combinados que por actualidad, renombre e historia ser\u00e1n candidatos a ganar el torneo m\u00e1s importante de futbol.\u00a0<\/strong><\/h3>\n<p>&nbsp;<\/p>\n<p><b><span style=\"text-decoration: underline;\">ESPA\u00d1A<\/span><\/b><\/p>\n<p>Que mejor forma de comenzar nuestro recorrido por los mejores seleccionados, que analizando a <b><i>La Furia Roja, <\/i><\/b>\u00faltimo campe\u00f3n mundial y bicampe\u00f3n europeo.<\/p>\n<p>El conjunto espa\u00f1ol es dirigido t\u00e1cticamente por el experimentado Vicente del Bosque desde julio del 2008, donde comenz\u00f3 un ciclo que parece no tener techo y que intentar\u00e1 revalidar sus logros en Brasil 2014<\/p>\n<p>La caracter\u00edstica de juego que utiliza generalmente es similar al que desarrolla el Barcelona: dos laterales ofensivos, dos centrales altos y fuertes, un medio-centro defensivo, dos interiores acompa\u00f1\u00e1ndolo. En la parte superior del campo dos extremos (que se vuelven volantes por afuera en la faz defensiva) y un punta que suele retrasarse y hacer las veces de falso 9, bajando en ciertas oportunidades hasta mitad de cancha para tocar el bal\u00f3n, para luego volver al \u00e1rea en b\u00fasqueda de finalizar la jugada.<\/p>\n<p><b><span style=\"text-decoration: underline;\">Las figuras (algunas de ellas)<\/span><\/b><\/p>\n<p style=\"text-align: center;\"><a href=\"http:\/\/www.cordobatimes.com\/deportes\/wp-content\/uploads\/2014\/04\/Iniesta.jpg\"><img loading=\"lazy\" decoding=\"async\" class=\" wp-image-11044 aligncenter\" alt=\"Iniesta\" src=\"http:\/\/www.cordobatimes.com\/deportes\/wp-content\/uploads\/2014\/04\/Iniesta.jpg\" width=\"400\" height=\"280\" data-id=\"11044\" \/><\/a><\/p>\n<p>&nbsp;<\/p>\n<p><strong>Andr\u00e9s Iniesta:<\/strong> <span style=\"text-decoration: underline;\">\u201c<\/span>El cerebro\u201d es quien marca el ritmo, forma parte del t\u00e1ndem de interiores que recuperan, tocan y llegan al arco a veces con mayor frecuencia que el centro delantero.<\/p>\n<p>Jugador del Barcelona F.C desde su debut en el a\u00f1o 2002. Mulitcampe\u00f3n en su club y en el seleccionado. Generalmente se reparte con Xavi Alonso y Xavi Hern\u00e1ndez el centro del campo en su misi\u00f3n de alimentar a los delanteros y a su vez recuperar con criterio. Se caracteriza por su marca limpia, despliegue intenso y una pegada precisa.<\/p>\n<p style=\"text-align: center;\"><a href=\"http:\/\/www.cordobatimes.com\/deportes\/wp-content\/uploads\/2014\/04\/1383064090_extras_noticia_foton_7_2.jpg\"><img loading=\"lazy\" decoding=\"async\" class=\" wp-image-11045 aligncenter\" alt=\"1383064090_extras_noticia_foton_7_2\" src=\"http:\/\/www.cordobatimes.com\/deportes\/wp-content\/uploads\/2014\/04\/1383064090_extras_noticia_foton_7_2.jpg\" width=\"400\" height=\"280\" data-id=\"11045\" \/><\/a><\/p>\n<p><strong>Diego Costa:<\/strong> delantero brasile\u00f1o, quien disputo dos encuentros amistosos con la selecci\u00f3n verdeamarela, pero al tener la doble nacionalidad y no haber disputado ning\u00fan partido por competiciones oficiales, fue convocado por Vicente del Bosque para formar parte de la Furia Roja.<\/p>\n<p>La temporada 2013\/2014 marca un antes y un despu\u00e9s en la vida del delantero ya que tuvo que reemplazar nada mas y nada menos que a Radamel Falcao, haciendo olvidar al colombiano convirtiendo 25 goles en 30 partidos oficiales.<\/p>\n<p>Corpulento, de gran calidad con los pies \u201cla Pantera\u201d puede dejar parado a un rival con una gambeta corta, como as\u00ed tambi\u00e9n desempe\u00f1arse pura y exclusivamente de \u201c9\u201d, recibir centros desde ambas bandas e intentar piruetas (tijeras-chilenas) que suele resolver de manera perfecta.<\/p>\n<p style=\"text-align: center;\"><a href=\"http:\/\/www.cordobatimes.com\/deportes\/wp-content\/uploads\/2014\/04\/Silva.jpg\"><img loading=\"lazy\" decoding=\"async\" class=\" wp-image-11046 aligncenter\" alt=\"Silva\" src=\"http:\/\/www.cordobatimes.com\/deportes\/wp-content\/uploads\/2014\/04\/Silva.jpg\" width=\"400\" height=\"280\" data-id=\"11046\" \/><\/a><\/p>\n<p><strong>David Silva:<\/strong> volante zurdo y poli funcional, con un exquisito estilo de juego que le permite jugar por ambas bandas tanto de centrocampista como de extremo, y hasta de enganche si el partido lo amerita.<\/p>\n<p>Desde 2011 es una de las estrellas del Manchester City con el que sali\u00f3 campe\u00f3n de la temporada 2011\/2012 de la Premier League, siendo pieza fundamental y titular en la gran mayor\u00eda de partidos.<\/p>\n","protected":false},"excerpt":{"rendered":"<p>A lo largo de las siguientes dos semanas, en C\u00f3rdoba Times estudiaremos a las potencias mundiales. Aquellos combinados que por actualidad, renombre e historia ser\u00e1n candidatos a ganar el torneo m\u00e1s importante de futbol.\u00a0 &nbsp; ESPA\u00d1A Que mejor forma de comenzar nuestro recorrido por los mejores seleccionados, que analizando a La Furia Roja, \u00faltimo campe\u00f3n [&hellip;]<\/p>\n","protected":false},"author":20,"featured_media":11047,"comment_status":"open","ping_status":"open","sticky":false,"template":"","format":"standard","meta":{"_seopress_robots_primary_cat":"","_seopress_titles_title":"","_seopress_titles_desc":"","_seopress_robots_index":"","footnotes":""},"categories":[2,22],"tags":[2367,476,2148,163,301,530,164],"class_list":{"0":"post-11035","1":"post","2":"type-post","3":"status-publish","4":"format-standard","5":"has-post-thumbnail","6":"hentry","7":"category-futbol","8":"category-mundial-brasil-2014","9":"tag-analisis-de-candidatos-para-mundial-brasil-2014","10":"tag-brasil-2014","11":"tag-david-silva","12":"tag-diego-costa","14":"tag-iniesta"},"_links":{"self":[{"href":"https:\/\/www.cordobatimes.com\/deportes\/wp-json\/wp\/v2\/posts\/11035","targetHints":{"allow":["GET"]}}],"collection":[{"href":"https:\/\/www.cordobatimes.com\/deportes\/wp-json\/wp\/v2\/posts"}],"about":[{"href":"https:\/\/www.cordobatimes.com\/deportes\/wp-json\/wp\/v2\/types\/post"}],"author":[{"embeddable":true,"href":"https:\/\/www.cordobatimes.com\/deportes\/wp-json\/wp\/v2\/users\/20"}],"replies":[{"embeddable":true,"href":"https:\/\/www.cordobatimes.com\/deportes\/wp-json\/wp\/v2\/comments?post=11035"}],"version-history":[{"count":0,"href":"https:\/\/www.cordobatimes.com\/deportes\/wp-json\/wp\/v2\/posts\/11035\/revisions"}],"wp:featuredmedia":[{"embeddable":true,"href":"https:\/\/www.cordobatimes.com\/deportes\/wp-json\/wp\/v2\/media\/11047"}],"wp:attachment":[{"href":"https:\/\/www.cordobatimes.com\/deportes\/wp-json\/wp\/v2\/media?parent=11035"}],"wp:term":[{"taxonomy":"category","embeddable":true,"href":"https:\/\/www.cordobatimes.com\/deportes\/wp-json\/wp\/v2\/categories?post=11035"},{"taxonomy":"post_tag","embeddable":true,"href":"https:\/\/www.cordobatimes.com\/deportes\/wp-json\/wp\/v2\/tags?post=11035"}],"curies":[{"name":"wp","href":"https:\/\/api.w.org\/{rel}","templated":true}]}}