{"id":10934,"date":"2014-04-01T19:38:14","date_gmt":"2014-04-01T22:38:14","guid":{"rendered":"http:\/\/www.cordobatimes.com\/deportes\/?p=10934"},"modified":"2014-04-01T19:38:14","modified_gmt":"2014-04-01T22:38:14","slug":"champions-el-vigente-campeon-empato-en-manchester-video","status":"publish","type":"post","link":"https:\/\/www.cordobatimes.com\/deportes\/futbol\/2014\/04\/01\/champions-el-vigente-campeon-empato-en-manchester-video\/","title":{"rendered":"Champions: el vigente campe\u00f3n empat\u00f3 en Manchester (Video)"},"content":{"rendered":"<h3 style=\"text-align: justify;\"><a href=\"http:\/\/www.cordobatimes.com\/deportes\/wp-content\/uploads\/2014\/04\/manchester-bayern.jpg\"><img loading=\"lazy\" decoding=\"async\" class=\"aligncenter  wp-image-10935\" alt=\"manchester bayern\" src=\"http:\/\/www.cordobatimes.com\/deportes\/wp-content\/uploads\/2014\/04\/manchester-bayern.jpg\" width=\"640\" height=\"420\" data-id=\"10935\" \/><\/a><\/h3>\n<h3 style=\"text-align: justify;\"><strong>El Bayern de Guardiola igual\u00f3 1 a 1 ante el United de Moyes por el encuentro de ida de los cuartos de final.\u00a0<b>Vidic\u00a0<\/b>abri\u00f3 el marcador para el local, mientras que<b>\u00a0Schweinsteiger -luego expulsado- anot\u00f3 la paridad para el visitante. Mir\u00e1 los goles.<\/b><\/strong><\/h3>\n<p>&nbsp;<\/p>\n<p style=\"text-align: justify;\">Dos grandes se ve\u00edan las caras en cuartos de la Champions, dos grandes tan similares en su historia como distanciados en el presente. Aterrizaba en Manchester el campe\u00f3n de la Bundesliga y\u00a0m\u00e1ximo favorito para ganar la Liga de Campeones.\u00a0Enfrente, un hist\u00f3rico como el\u00a0United, sumergido en una crisis de identidad como no recuerda por el &#8216;Teatro de los Sue\u00f1os&#8217;.<\/p>\n<p style=\"text-align: justify;\">Comenz\u00f3 una primera mitad marcada por la interminable posesi\u00f3n de los alemanes, que mov\u00edan con paciencia de un lado a otro en busca de la movilidad de sus jugadores de ataque.\u00a0Por el otro lado, el local estaba agazapado y esperando tener alg\u00fan contragolpe en velocidad.<\/p>\n<p style=\"text-align: justify;\">En el segundo tiempo, Moyes dio un paso al frente, decidi\u00f3 ser valiente y meti\u00f3 a Kagawa en lugar de Giggs.\u00a0El equipo sali\u00f3 m\u00e1s enchufado y\u00a0con m\u00e1s presencia arriba. Fruto de ello lleg\u00f3 el\u00a0gol de Vidic, luego de un c\u00f3rner. Apenas nueve minutos le dur\u00f3 la alegr\u00eda al due\u00f1o de casa, ya que\u00a0Schweinsteiger sac\u00f3 un zurdazo inatajable y puso la igualdad para el elenco b\u00e1varo.<\/p>\n<p style=\"text-align: justify;\">El autor del gol visitante fue expulsado en el descuento y se perder\u00e1 la vuelta en Alemania. Pese a que el resultado pinta muy favorable para el Bayern, a priori, dado su pobre presente, los Red Devils hubiesen firmado un partido as\u00ed. Los de Moyes llegar\u00e1n vivos al Allianza.<\/p>\n<p style=\"text-align: justify;\">Mir\u00e1 los goles<\/p>\n<p><iframe loading=\"lazy\" src=\"\/\/www.youtube.com\/embed\/N9LG6ffejSY\" height=\"315\" width=\"560\" allowfullscreen=\"\" frameborder=\"0\"><\/iframe><\/p>\n<p style=\"text-align: justify;\"><b>FORMACIONES:<\/b><\/p>\n<p style=\"text-align: justify;\"><b><\/b><b>Manchester United:\u00a0<\/b>David De Gea; Phil Jones, Nemanja Vidic, Rio Ferdinand, Alexander Buttner; Michael Carrick, Marouane Fellaini; Antonio Valencia, Ryan Giggs, Danny Welbeck; y Wayne Rooney.\u00a0<b>DT:\u00a0<\/b>David Moyes.<\/p>\n<p style=\"text-align: justify;\"><b>Bayern M\u00fcnich:<\/b>\u00a0Manuel Neuer; Rafinha, Javi Mart\u00ednez, Jerome Boateng, David Alaba; Philippe Lahm, Bastian Schweinsteiger; Arjen Robben, Toni Kroos, Franck Rib\u00e9ry; y Thomas M\u00fcller.\u00a0<b>DT:\u00a0<\/b>Josep Guardiola.<\/p>\n<p style=\"text-align: justify;\"><b>\u00c1rbitro:\u00a0<\/b>Carlos Velasco Carballo (Espa\u00f1a)<\/p>\n<p style=\"text-align: justify;\"><b>Estadio:\u00a0<\/b>Old Trafford<\/p>\n<p style=\"text-align: justify;\">Fuente: Goal<\/p>\n","protected":false},"excerpt":{"rendered":"<p>El Bayern de Guardiola igual\u00f3 1 a 1 ante el United de Moyes por el encuentro de ida de los cuartos de final.\u00a0Vidic\u00a0abri\u00f3 el marcador para el local, mientras que\u00a0Schweinsteiger -luego expulsado- anot\u00f3 la paridad para el visitante. Mir\u00e1 los goles. &nbsp; Dos grandes se ve\u00edan las caras en cuartos de la Champions, dos grandes [&hellip;]<\/p>\n","protected":false},"author":10,"featured_media":10935,"comment_status":"open","ping_status":"open","sticky":false,"template":"","format":"standard","meta":{"_seopress_robots_primary_cat":"","_seopress_titles_title":"","_seopress_titles_desc":"","_seopress_robots_index":"","footnotes":""},"categories":[2,18],"tags":[907,362,1588,1279,1032,1431,2341],"class_list":["post-10934","post","type-post","status-publish","format-standard","has-post-thumbnail","hentry","category-futbol","category-futbol-internacional","tag-bayern-munich","tag-champions-league","tag-cuartos-de-final","tag-guardiola","tag-liga-de-campeones","tag-manchester-united","tag-moyes"],"_links":{"self":[{"href":"https:\/\/www.cordobatimes.com\/deportes\/wp-json\/wp\/v2\/posts\/10934","targetHints":{"allow":["GET"]}}],"collection":[{"href":"https:\/\/www.cordobatimes.com\/deportes\/wp-json\/wp\/v2\/posts"}],"about":[{"href":"https:\/\/www.cordobatimes.com\/deportes\/wp-json\/wp\/v2\/types\/post"}],"author":[{"embeddable":true,"href":"https:\/\/www.cordobatimes.com\/deportes\/wp-json\/wp\/v2\/users\/10"}],"replies":[{"embeddable":true,"href":"https:\/\/www.cordobatimes.com\/deportes\/wp-json\/wp\/v2\/comments?post=10934"}],"version-history":[{"count":0,"href":"https:\/\/www.cordobatimes.com\/deportes\/wp-json\/wp\/v2\/posts\/10934\/revisions"}],"wp:featuredmedia":[{"embeddable":true,"href":"https:\/\/www.cordobatimes.com\/deportes\/wp-json\/wp\/v2\/media\/10935"}],"wp:attachment":[{"href":"https:\/\/www.cordobatimes.com\/deportes\/wp-json\/wp\/v2\/media?parent=10934"}],"wp:term":[{"taxonomy":"category","embeddable":true,"href":"https:\/\/www.cordobatimes.com\/deportes\/wp-json\/wp\/v2\/categories?post=10934"},{"taxonomy":"post_tag","embeddable":true,"href":"https:\/\/www.cordobatimes.com\/deportes\/wp-json\/wp\/v2\/tags?post=10934"}],"curies":[{"name":"wp","href":"https:\/\/api.w.org\/{rel}","templated":true}]}}