{"id":10836,"date":"2014-03-31T11:17:36","date_gmt":"2014-03-31T14:17:36","guid":{"rendered":"http:\/\/www.cordobatimes.com\/deportes\/?p=10836"},"modified":"2014-03-31T11:17:36","modified_gmt":"2014-03-31T14:17:36","slug":"falcao-suena-con-brasil","status":"publish","type":"post","link":"https:\/\/www.cordobatimes.com\/deportes\/futbol\/2014\/03\/31\/falcao-suena-con-brasil\/","title":{"rendered":"Falcao sue\u00f1a con Brasil"},"content":{"rendered":"<h3><a href=\"http:\/\/www.cordobatimes.com\/deportes\/wp-content\/uploads\/2014\/03\/0.jpg\"><img loading=\"lazy\" decoding=\"async\" class=\"alignnone size-full wp-image-10841\" alt=\"0\" src=\"http:\/\/www.cordobatimes.com\/deportes\/wp-content\/uploads\/2014\/03\/0.jpg\" width=\"480\" height=\"360\" data-id=\"10841\" srcset=\"https:\/\/www.cordobatimes.com\/deportes\/wp-content\/uploads\/2014\/03\/0.jpg 480w, https:\/\/www.cordobatimes.com\/deportes\/wp-content\/uploads\/2014\/03\/0-300x225.jpg 300w\" sizes=\"auto, (max-width: 480px) 100vw, 480px\" \/><\/a><\/h3>\n<h3>El 9 del M\u00f3naco y de la selecci\u00f3n de Colombia se ilusiona, pero con reservas: &#8220;Estoy haciendo todo lo posible por ir a Brasil, pero lo primero es estar bien&#8221;, dijo.<\/h3>\n<p>Radamel Falcao, desde su lesi\u00f3n en la rodilla, a hecho todo lo posible para poder volver a jugar aunque aseguro que no piensa en su futuro, sino en su recuperaci\u00f3n, para tener una chance de estar en la selecci\u00f3n que vaya al campeonato mundial. En una entrevista publicada hoy en el diario espa\u00f1ol Marca cont\u00f3: \u00a0&#8220;Lo \u00fanico que me preocupa es recuperarme pronto. Soy realista, soy consciente de mi lesi\u00f3n (&#8230;) y ahora mismo no pienso en otra cosa que no sea mi rodilla&#8221;. Tambi\u00e9n aseguro que se encuentra muy bien y que la respuesta de la rodilla en la primera fase de recuperaci\u00f3n fue positiva, &#8220;No hubo ning\u00fan problema y eso me permiti\u00f3 trabajar bien. La evoluci\u00f3n fue r\u00e1pida&#8221;, destac\u00f3.<\/p>\n<p>El Tigre, consider\u00f3 que el torneo mundialista no debe convertirse en una obsesi\u00f3n, debe estar calmado y ser prudente: &#8220;Yo tengo muy claro que esa presi\u00f3n no me puede condicionar en la recuperaci\u00f3n. Estoy haciendo todo lo posible por ir, lo dar\u00eda todo y ser\u00eda lo ideal, pero lo primero es estar bien, recuperarme bien&#8221;, a\u00f1adi\u00f3.<\/p>\n<p>Radamel se encuentra en Madrid realizando la rehabilitaci\u00f3n y desestimo una supuesta oferta que habr\u00eda realizado el Real Madrid para contratar sus servicios, &#8220;yo solo pienso en recuperarme de la lesi\u00f3n&#8221; concluyo.<\/p>\n<p>&nbsp;<\/p>\n","protected":false},"excerpt":{"rendered":"<p>El 9 del M\u00f3naco y de la selecci\u00f3n de Colombia se ilusiona, pero con reservas: &#8220;Estoy haciendo todo lo posible por ir a Brasil, pero lo primero es estar bien&#8221;, dijo. Radamel Falcao, desde su lesi\u00f3n en la rodilla, a hecho todo lo posible para poder volver a jugar aunque aseguro que no piensa en [&hellip;]<\/p>\n","protected":false},"author":17,"featured_media":10841,"comment_status":"open","ping_status":"open","sticky":false,"template":"","format":"standard","meta":{"_seopress_robots_primary_cat":"","_seopress_titles_title":"","_seopress_titles_desc":"","_seopress_robots_index":"","footnotes":""},"categories":[2,22],"tags":[1642,1410,571],"class_list":["post-10836","post","type-post","status-publish","format-standard","has-post-thumbnail","hentry","category-futbol","category-mundial-brasil-2014","tag-falcao","tag-monaco","tag-mundial-brasil-2014-2"],"_links":{"self":[{"href":"https:\/\/www.cordobatimes.com\/deportes\/wp-json\/wp\/v2\/posts\/10836","targetHints":{"allow":["GET"]}}],"collection":[{"href":"https:\/\/www.cordobatimes.com\/deportes\/wp-json\/wp\/v2\/posts"}],"about":[{"href":"https:\/\/www.cordobatimes.com\/deportes\/wp-json\/wp\/v2\/types\/post"}],"author":[{"embeddable":true,"href":"https:\/\/www.cordobatimes.com\/deportes\/wp-json\/wp\/v2\/users\/17"}],"replies":[{"embeddable":true,"href":"https:\/\/www.cordobatimes.com\/deportes\/wp-json\/wp\/v2\/comments?post=10836"}],"version-history":[{"count":0,"href":"https:\/\/www.cordobatimes.com\/deportes\/wp-json\/wp\/v2\/posts\/10836\/revisions"}],"wp:featuredmedia":[{"embeddable":true,"href":"https:\/\/www.cordobatimes.com\/deportes\/wp-json\/wp\/v2\/media\/10841"}],"wp:attachment":[{"href":"https:\/\/www.cordobatimes.com\/deportes\/wp-json\/wp\/v2\/media?parent=10836"}],"wp:term":[{"taxonomy":"category","embeddable":true,"href":"https:\/\/www.cordobatimes.com\/deportes\/wp-json\/wp\/v2\/categories?post=10836"},{"taxonomy":"post_tag","embeddable":true,"href":"https:\/\/www.cordobatimes.com\/deportes\/wp-json\/wp\/v2\/tags?post=10836"}],"curies":[{"name":"wp","href":"https:\/\/api.w.org\/{rel}","templated":true}]}}