{"id":10828,"date":"2014-03-31T10:36:23","date_gmt":"2014-03-31T13:36:23","guid":{"rendered":"http:\/\/www.cordobatimes.com\/deportes\/?p=10828"},"modified":"2014-03-31T10:36:23","modified_gmt":"2014-03-31T13:36:23","slug":"a-tigre-se-le-escapo-sobre-el-final","status":"publish","type":"post","link":"https:\/\/www.cordobatimes.com\/deportes\/futbol\/2014\/03\/31\/a-tigre-se-le-escapo-sobre-el-final\/","title":{"rendered":"A Tigre se le escap\u00f3 sobre el final"},"content":{"rendered":"<h3 style=\"text-align: justify;\"><strong><a href=\"http:\/\/www.cordobatimes.com\/deportes\/wp-content\/uploads\/2014\/03\/tigre_san_lorenzo.jpg\"><img loading=\"lazy\" decoding=\"async\" class=\" wp-image-10834 aligncenter\" style=\"margin-top: 5px; margin-bottom: 5px;\" alt=\"tigre_san_lorenzo\" src=\"http:\/\/www.cordobatimes.com\/deportes\/wp-content\/uploads\/2014\/03\/tigre_san_lorenzo.jpg\" width=\"630\" height=\"350\" data-id=\"10834\" \/><\/a>El &#8220;Matador&#8221; arranc\u00f3 perdiendo ante San Lorenzo y logr\u00f3 darlo vuelta jugando un partidazo. Pero en la \u00faltima jugada, Emanuel M\u00e1s se reivindic\u00f3 por el error en la Copa y marc\u00f3 de cabeza el 2 a 2 en tiempo recuperado. Mir\u00e1 todos los goles.<br \/>\n<\/strong><\/h3>\n<p>&nbsp;<\/p>\n<p style=\"text-align: justify;\">En el partido que cerraba la d\u00e9cima fecha del Torneo Final, Tigre y San Lorenzo disputaron un entretenido partido que se termin\u00f3 definiendo en la \u00faltima jugada. El &#8220;Cicl\u00f3n&#8221; lo arranc\u00f3 ganando, pero de la mano de P\u00e9rez Garc\u00eda Tigre se lo dio vuelta. Sobre el final, Emanuel M\u00e1s puso la igualdad para los del &#8220;Pat\u00f3n&#8221; Bauza y rescat\u00f3 un punto de Victoria.<\/p>\n<p style=\"text-align: justify;\">El marcador lo abri\u00f3 \u00c1ngel Correa, a los 5 minutos del arranque, poniendo el 1 a 0 parcial para la visita. A pesar de que el partido era parejo, el conjunto de Fabi\u00e1n Alegre propon\u00eda buen juego a trav\u00e9s de los pies de Mat\u00edas P\u00e9rez Garc\u00eda, que fue la figura del encuentro.<\/p>\n<p style=\"text-align: justify;\">Reci\u00e9n en el complemento llegar\u00eda el empate, a los 18 minutos, qui\u00e9n m\u00e1s sino P\u00e9rez Garc\u00eda, que la par\u00f3 de pecho y tras enga\u00f1ar al defensor sac\u00f3 un remate de zurda que colg\u00f3 del \u00e1ngulo. Luego del 1 a 1 el &#8220;Matador&#8221; fue a buscarlo con todo, y a los 41 minutos Ariel Nahuelp\u00e1n logr\u00f3 adelantar al local en el marcador poniendo el 2 a 1 que parec\u00eda sentenciar la historia.<\/p>\n<p style=\"text-align: justify;\">Pero en el tercer minuto del tiempo recuperado, apareci\u00f3 M\u00e1s y se tom\u00f3 revancha por el penal cometido en la Copa Libertadores, que dej\u00f3 casi sin chances a su equipo de pasar a la pr\u00f3xima ronda, marcando de cabeza el 2 a 2 ag\u00f3nico.<\/p>\n<p style=\"text-align: justify;\">Con este resultado los de Boedo tiene 15 puntos, tres por debajo del l\u00edder Col\u00f3n, y acumula cuatro sin ganar en el campeonato local. Por su parte, Tigre lleg\u00f3 a los 10 puntos y, a pesar de ser la valla menos vencida, lleva una racha de cinco empates y dos derrotas, por lo que necesita sumar de a tres para alejarse de la zona de descenso.<\/p>\n<p style=\"text-align: justify;\"><strong>Todos los goles<\/strong><\/p>\n<p><iframe loading=\"lazy\" src=\"\/\/www.youtube.com\/embed\/ciSs7AB1SxE\" height=\"315\" width=\"560\" allowfullscreen=\"\" frameborder=\"0\"><\/iframe><\/p>\n<p><iframe loading=\"lazy\" src=\"\/\/www.youtube.com\/embed\/U2Jr7HvXJ-8\" height=\"315\" width=\"560\" allowfullscreen=\"\" frameborder=\"0\"><\/iframe><\/p>\n<p><iframe loading=\"lazy\" src=\"\/\/www.youtube.com\/embed\/TtjpOcgg7LQ\" height=\"315\" width=\"560\" allowfullscreen=\"\" frameborder=\"0\"><\/iframe><\/p>\n<p><iframe loading=\"lazy\" src=\"\/\/www.youtube.com\/embed\/ZGb_5ay0KS8\" height=\"315\" width=\"560\" allowfullscreen=\"\" frameborder=\"0\"><\/iframe><\/p>\n","protected":false},"excerpt":{"rendered":"<p>El &#8220;Matador&#8221; arranc\u00f3 perdiendo ante San Lorenzo y logr\u00f3 darlo vuelta jugando un partidazo. Pero en la \u00faltima jugada, Emanuel M\u00e1s se reivindic\u00f3 por el error en la Copa y marc\u00f3 de cabeza el 2 a 2 en tiempo recuperado. Mir\u00e1 todos los goles. &nbsp; En el partido que cerraba la d\u00e9cima fecha del Torneo [&hellip;]<\/p>\n","protected":false},"author":5,"featured_media":10834,"comment_status":"open","ping_status":"open","sticky":false,"template":"","format":"standard","meta":{"_seopress_robots_primary_cat":"","_seopress_titles_title":"","_seopress_titles_desc":"","_seopress_robots_index":"","footnotes":""},"categories":[2,16],"tags":[2322,2324,313,312,1816],"class_list":["post-10828","post","type-post","status-publish","format-standard","has-post-thumbnail","hentry","category-futbol","category-primera-division","tag-emanuel-mas","tag-matias-perez-garcia","tag-san-lorenzo","tag-tigre","tag-torneo-final"],"_links":{"self":[{"href":"https:\/\/www.cordobatimes.com\/deportes\/wp-json\/wp\/v2\/posts\/10828","targetHints":{"allow":["GET"]}}],"collection":[{"href":"https:\/\/www.cordobatimes.com\/deportes\/wp-json\/wp\/v2\/posts"}],"about":[{"href":"https:\/\/www.cordobatimes.com\/deportes\/wp-json\/wp\/v2\/types\/post"}],"author":[{"embeddable":true,"href":"https:\/\/www.cordobatimes.com\/deportes\/wp-json\/wp\/v2\/users\/5"}],"replies":[{"embeddable":true,"href":"https:\/\/www.cordobatimes.com\/deportes\/wp-json\/wp\/v2\/comments?post=10828"}],"version-history":[{"count":0,"href":"https:\/\/www.cordobatimes.com\/deportes\/wp-json\/wp\/v2\/posts\/10828\/revisions"}],"wp:featuredmedia":[{"embeddable":true,"href":"https:\/\/www.cordobatimes.com\/deportes\/wp-json\/wp\/v2\/media\/10834"}],"wp:attachment":[{"href":"https:\/\/www.cordobatimes.com\/deportes\/wp-json\/wp\/v2\/media?parent=10828"}],"wp:term":[{"taxonomy":"category","embeddable":true,"href":"https:\/\/www.cordobatimes.com\/deportes\/wp-json\/wp\/v2\/categories?post=10828"},{"taxonomy":"post_tag","embeddable":true,"href":"https:\/\/www.cordobatimes.com\/deportes\/wp-json\/wp\/v2\/tags?post=10828"}],"curies":[{"name":"wp","href":"https:\/\/api.w.org\/{rel}","templated":true}]}}