{"id":10668,"date":"2014-03-28T18:23:31","date_gmt":"2014-03-28T21:23:31","guid":{"rendered":"http:\/\/www.cordobatimes.com\/deportes\/?p=10668"},"modified":"2014-03-28T18:32:23","modified_gmt":"2014-03-28T21:32:23","slug":"ortelli-domino-bajo-la-lluvia","status":"publish","type":"post","link":"https:\/\/www.cordobatimes.com\/deportes\/automovilismo\/2014\/03\/28\/ortelli-domino-bajo-la-lluvia\/","title":{"rendered":"Ortelli domin\u00f3 bajo la lluvia"},"content":{"rendered":"<p style=\"text-align: justify;\"><a href=\"http:\/\/www.cordobatimes.com\/deportes\/wp-content\/uploads\/2014\/03\/ortelli.jpg\"><img loading=\"lazy\" decoding=\"async\" class=\"alignnone size-full wp-image-10669\" alt=\"ortelli\" src=\"http:\/\/www.cordobatimes.com\/deportes\/wp-content\/uploads\/2014\/03\/ortelli.jpg\" width=\"690\" height=\"370\" data-id=\"10669\" srcset=\"https:\/\/www.cordobatimes.com\/deportes\/wp-content\/uploads\/2014\/03\/ortelli.jpg 690w, https:\/\/www.cordobatimes.com\/deportes\/wp-content\/uploads\/2014\/03\/ortelli-300x160.jpg 300w\" sizes=\"auto, (max-width: 690px) 100vw, 690px\" \/><\/a><\/p>\n<h3 style=\"text-align: justify;\"><\/h3>\n<h3 style=\"text-align: justify;\">Guillermo Ortelli se adjudic\u00f3 la pole provisoria en la cuarta fecha de Turismo Carretera que se disputa en el aut\u00f3dromo entrerriano de Concordia.Segundo fue Mariano Werner y tercero Sergio Alaux.<\/h3>\n<p>&nbsp;<\/p>\n<p style=\"text-align: justify;\">\u00a0El piloto de Salto logr\u00f3 posicionarse en la cima con un registro de\u00a01m59s727 a bordo del Chevrolet , en una pista que no estaba en las mejores condiciones, ya que la lluvia presente, hizo que los pilotos no puedan dar lo mejor de s\u00ed para bajar los tiempos.<\/p>\n<p style=\"text-align: justify;\">\u00a0Mariano Werner (Ford) se tuvo que conformar con la segunda colocaci\u00f3n por delante de Sergio Alaux (Chevrolet).M\u00e1s atr\u00e1s se ubicaron Norberto Fontana (Torino), Facundo Ardusso (Dodge), Christian Ledesma (Chevrolet), Agust\u00edn Canapino (Chevrolet), Pr\u00f3spero Bonelli (Ford), Leonel Pern\u00eda (Chevrolet) y Laureano Campanera (Chevrolet) complet\u00f3 el top ten de los mejores clasificados.<\/p>\n<p style=\"text-align: justify;\">La actividad contin\u00faa este s\u00e1bado a las 10.55 con los segundos entrenamientos, para dar lugar a las 14.05 a la clasificaci\u00f3n definitiva.<\/p>\n<p style=\"text-align: justify;\">\n<p style=\"text-align: justify;\"><strong>Clasificaci\u00f3n Provisoria-TC<\/strong><\/p>\n<p>1 117 Ortelli, Guillermo 3 01:59.727<br \/>\n2 2 Werner, Mariano 3 02:00.741 1.014<br \/>\n3 21 Alaux, Sergio 2 02:00.904 1.177<br \/>\n4 19 Fontana, Norberto 3 02:01.083 1.356<br \/>\n5 38 Ardusso, Facundo 3 02:01.264 1.537<br \/>\n6 12 Ledesma, Christian 3 02:01.450 1.723<br \/>\n7 86 Canapino, Agust\u00edn 2 02:01.511 1.784<br \/>\n8 63 Bonelli, Pr\u00f3spero 1 02:01.652 1.925<br \/>\n9 15 Pern\u00eda, Leonel 3 02:01.653 1.926<br \/>\n10 44 Campanera, Laureano 2 02:01.977 2.250<br \/>\n11 27 Ugalde, Lionel 3 02:02.266 2.539<br \/>\n12 20 Okulovich, Carlos 3 02:02.271 2.544<br \/>\n13 22 Moriatis, Emanuel 3 02:02.548 2.821<br \/>\n14 99 Pezzucchi, Nicolas 3 02:02.570 2.843<br \/>\n15 161 Ponce de Le\u00f3n, Gabriel 3 02:02.612 2.885<br \/>\n16 36 Spataro, Emiliano 3 02:02.726 2.999<br \/>\n17 23 Gianini, Juan Pablo 3 02:02.740 3.013<br \/>\n18 8 Castellano, Jonatan 2 02:02.822 3.095<br \/>\n19 25 Bonelli, Nicol\u00e1s 3 02:02.972 3.245<br \/>\n20 33 Juan, Maximiliano 3 02:03.261 3.534<br \/>\n21 11 Giallombardo, Mauro 3 02:04.236 4.509<br \/>\n22 48 Rodr\u00edguez, Mat\u00edas 3 02:04.236 4.509<br \/>\n23 10 Altuna, Mariano 3 02:04.329 4.602<br \/>\n24 3 Di Palma, Lu\u00eds Jos\u00e9 (H) 2 02:04.395 4.668<br \/>\n25 7 Trucco, Juan Mart\u00edn 2 02:04.763 5.036<br \/>\n26 50 Dose, Christian 3 02:05.107 5.380<br \/>\n27 42 Mazzacane, Gast\u00f3n 3 02:05.332 5.605<br \/>\n28 88 Trosset, Nicol\u00e1s 2 02:05.648 5.921<br \/>\n29 35 Nolesi, Math\u00edas 2 02:05.759 6.032<br \/>\n30 17 Angelini, Juan Marcos 3 02:05.782 6.055<br \/>\n31 28 Sotro, Leonel 1 02:05.941 6.214<br \/>\n32 14 Jalaf, Mat\u00edas 3 02:06.020 6.293<br \/>\n33 6 Mart\u00ednez, Omar 2 02:06.736 7.009<br \/>\n34 141 Mangoni, Santiago 2 02:07.177 7.450<br \/>\n35 46 Serrano, Mart\u00edn 3 02:09.584 9.857<br \/>\n36 39 De Carlo, Diego 2 02:09.597 9.870<br \/>\n37 37 Ponte, Mart\u00edn 3 02:11.184 11.457<br \/>\n38 1 Aventin, Diego 1 08:32.543 6:32.816<br \/>\n39 5 Rossi, Mat\u00edas 1 08:47.646 6:47.919<\/p>\n<p style=\"text-align: justify;\">\n<p style=\"text-align: justify;\"><strong>Por Laura Rodriguez | TW: @laurodriguez6<\/strong><\/p>\n<h6 style=\"text-align: justify;\">Foto: Prensa Actc<\/h6>\n","protected":false},"excerpt":{"rendered":"<p>Guillermo Ortelli se adjudic\u00f3 la pole provisoria en la cuarta fecha de Turismo Carretera que se disputa en el aut\u00f3dromo entrerriano de Concordia.Segundo fue Mariano Werner y tercero Sergio Alaux. &nbsp; \u00a0El piloto de Salto logr\u00f3 posicionarse en la cima con un registro de\u00a01m59s727 a bordo del Chevrolet , en una pista que no estaba [&hellip;]<\/p>\n","protected":false},"author":6,"featured_media":10669,"comment_status":"open","ping_status":"open","sticky":false,"template":"","format":"standard","meta":{"_seopress_robots_primary_cat":"","_seopress_titles_title":"","_seopress_titles_desc":"","_seopress_robots_index":"","footnotes":""},"categories":[1,9],"tags":[2307,311,5563,2306,242],"class_list":["post-10668","post","type-post","status-publish","format-standard","has-post-thumbnail","hentry","category-automovilismo","category-tc","tag-autodromo-de-concordia","tag-guillermo-ortelli","tag-tc","tag-tc-en-concordia","tag-turismo-carretera"],"_links":{"self":[{"href":"https:\/\/www.cordobatimes.com\/deportes\/wp-json\/wp\/v2\/posts\/10668","targetHints":{"allow":["GET"]}}],"collection":[{"href":"https:\/\/www.cordobatimes.com\/deportes\/wp-json\/wp\/v2\/posts"}],"about":[{"href":"https:\/\/www.cordobatimes.com\/deportes\/wp-json\/wp\/v2\/types\/post"}],"author":[{"embeddable":true,"href":"https:\/\/www.cordobatimes.com\/deportes\/wp-json\/wp\/v2\/users\/6"}],"replies":[{"embeddable":true,"href":"https:\/\/www.cordobatimes.com\/deportes\/wp-json\/wp\/v2\/comments?post=10668"}],"version-history":[{"count":0,"href":"https:\/\/www.cordobatimes.com\/deportes\/wp-json\/wp\/v2\/posts\/10668\/revisions"}],"wp:featuredmedia":[{"embeddable":true,"href":"https:\/\/www.cordobatimes.com\/deportes\/wp-json\/wp\/v2\/media\/10669"}],"wp:attachment":[{"href":"https:\/\/www.cordobatimes.com\/deportes\/wp-json\/wp\/v2\/media?parent=10668"}],"wp:term":[{"taxonomy":"category","embeddable":true,"href":"https:\/\/www.cordobatimes.com\/deportes\/wp-json\/wp\/v2\/categories?post=10668"},{"taxonomy":"post_tag","embeddable":true,"href":"https:\/\/www.cordobatimes.com\/deportes\/wp-json\/wp\/v2\/tags?post=10668"}],"curies":[{"name":"wp","href":"https:\/\/api.w.org\/{rel}","templated":true}]}}