{"id":10603,"date":"2014-03-28T14:06:32","date_gmt":"2014-03-28T17:06:32","guid":{"rendered":"http:\/\/www.cordobatimes.com\/deportes\/?p=10603"},"modified":"2014-04-01T12:57:01","modified_gmt":"2014-04-01T15:57:01","slug":"brasil-2014-repasamos-las-12-sedes","status":"publish","type":"post","link":"https:\/\/www.cordobatimes.com\/deportes\/futbol\/2014\/03\/28\/brasil-2014-repasamos-las-12-sedes\/","title":{"rendered":"Brasil 2014 repasamos los 12 escenarios"},"content":{"rendered":"<h3><strong><a href=\"http:\/\/www.cordobatimes.com\/deportes\/wp-content\/uploads\/2014\/03\/Sedes-Mundial.jpg\"><img loading=\"lazy\" decoding=\"async\" class=\"alignnone size-full wp-image-10619\" alt=\"Sedes Mundial\" src=\"http:\/\/www.cordobatimes.com\/deportes\/wp-content\/uploads\/2014\/03\/Sedes-Mundial.jpg\" width=\"842\" height=\"595\" data-id=\"10619\" srcset=\"https:\/\/www.cordobatimes.com\/deportes\/wp-content\/uploads\/2014\/03\/Sedes-Mundial.jpg 842w, https:\/\/www.cordobatimes.com\/deportes\/wp-content\/uploads\/2014\/03\/Sedes-Mundial-300x211.jpg 300w\" sizes=\"auto, (max-width: 842px) 100vw, 842px\" \/><\/a><\/strong><\/h3>\n<h3 style=\"text-align: justify;\"><strong>Diferentes ciudades se postularon para ser candidatas a recibir a la Copa Mundial de la Fifa Brasil 2014. De las 18 que fueron presentadas al Comit\u00e9 de inspecci\u00f3n de la Fifa, solo quedaron reducidas a 13.<\/strong><\/h3>\n<p>&nbsp;<\/p>\n<p style=\"text-align: justify;\">El 31 de Mayo de 2009, en Nassau, Bahamas, el Comit\u00e9 Ejecutivo de la Fifa confirm\u00f3 las 12 sedes oficiales donde se jugar\u00e1n los partidos del Mundial: Belo Horizonte, Brasilia, Cuiab\u00e1, Curitiba, Fortaleza, Manaus, Natal, Porto Alegre, Recife, R\u00edo de Janeiro, Salvador de Bah\u00eda y S\u00e3o Paulo.<\/p>\n<p style=\"text-align: justify;\">Los estadios tendr\u00edan importantes remodelaciones y renovaciones, y en el caso de Brasilia, Cuiab\u00e1, Manaus y Natala, \u00e9stos ser\u00e1n reconstruidos en su totalidad. S\u00f3lo en el caso de Recife ser\u00e1 un estadio completamente nuevo.<\/p>\n<p style=\"text-align: justify;\">Los costos totales de las remodelaciones y construcciones son aproximadamente de 1,1 mil millones de d\u00f3lares.<\/p>\n<p style=\"text-align: justify;\">A continuaci\u00f3n, todos los escenarios:<\/p>\n<p>[cycloneslider id=&#8221;sedes-brasil-2014&#8243;]<\/p>\n<p><strong>Por Ignacio Mema<\/strong><\/p>\n","protected":false},"excerpt":{"rendered":"<p>Diferentes ciudades se postularon para ser candidatas a recibir a la Copa Mundial de la Fifa Brasil 2014. De las 18 que fueron presentadas al Comit\u00e9 de inspecci\u00f3n de la Fifa, solo quedaron reducidas a 13. &nbsp; El 31 de Mayo de 2009, en Nassau, Bahamas, el Comit\u00e9 Ejecutivo de la Fifa confirm\u00f3 las 12 [&hellip;]<\/p>\n","protected":false},"author":20,"featured_media":10619,"comment_status":"open","ping_status":"open","sticky":false,"template":"","format":"standard","meta":{"_seopress_robots_primary_cat":"","_seopress_titles_title":"","_seopress_titles_desc":"","_seopress_robots_index":"","footnotes":""},"categories":[2,18,22],"tags":[2299,571,1065,459,2298],"class_list":["post-10603","post","type-post","status-publish","format-standard","has-post-thumbnail","hentry","category-futbol","category-futbol-internacional","category-mundial-brasil-2014","tag-manaos","tag-mundial-brasil-2014-2","tag-rio-de-janeiro","tag-san-pablo","tag-sedes-del-mundial"],"_links":{"self":[{"href":"https:\/\/www.cordobatimes.com\/deportes\/wp-json\/wp\/v2\/posts\/10603","targetHints":{"allow":["GET"]}}],"collection":[{"href":"https:\/\/www.cordobatimes.com\/deportes\/wp-json\/wp\/v2\/posts"}],"about":[{"href":"https:\/\/www.cordobatimes.com\/deportes\/wp-json\/wp\/v2\/types\/post"}],"author":[{"embeddable":true,"href":"https:\/\/www.cordobatimes.com\/deportes\/wp-json\/wp\/v2\/users\/20"}],"replies":[{"embeddable":true,"href":"https:\/\/www.cordobatimes.com\/deportes\/wp-json\/wp\/v2\/comments?post=10603"}],"version-history":[{"count":0,"href":"https:\/\/www.cordobatimes.com\/deportes\/wp-json\/wp\/v2\/posts\/10603\/revisions"}],"wp:featuredmedia":[{"embeddable":true,"href":"https:\/\/www.cordobatimes.com\/deportes\/wp-json\/wp\/v2\/media\/10619"}],"wp:attachment":[{"href":"https:\/\/www.cordobatimes.com\/deportes\/wp-json\/wp\/v2\/media?parent=10603"}],"wp:term":[{"taxonomy":"category","embeddable":true,"href":"https:\/\/www.cordobatimes.com\/deportes\/wp-json\/wp\/v2\/categories?post=10603"},{"taxonomy":"post_tag","embeddable":true,"href":"https:\/\/www.cordobatimes.com\/deportes\/wp-json\/wp\/v2\/tags?post=10603"}],"curies":[{"name":"wp","href":"https:\/\/api.w.org\/{rel}","templated":true}]}}