{"id":10595,"date":"2014-03-28T11:48:35","date_gmt":"2014-03-28T14:48:35","guid":{"rendered":"http:\/\/www.cordobatimes.com\/deportes\/?p=10595"},"modified":"2014-03-28T12:37:34","modified_gmt":"2014-03-28T15:37:34","slug":"en-2015-el-torneo-de-buenos-aires-compartira-semana-con-dos-atp-500","status":"publish","type":"post","link":"https:\/\/www.cordobatimes.com\/deportes\/tenis\/2014\/03\/28\/en-2015-el-torneo-de-buenos-aires-compartira-semana-con-dos-atp-500\/","title":{"rendered":"En 2015, el Torneo de Buenos Aires compartir\u00e1 semana con dos ATP 500"},"content":{"rendered":"<h3><strong><a href=\"http:\/\/www.cordobatimes.com\/deportes\/wp-content\/uploads\/2014\/03\/ATP.jpg\"><img loading=\"lazy\" decoding=\"async\" class=\"size-full wp-image-10598 aligncenter\" alt=\"ATP\" src=\"http:\/\/www.cordobatimes.com\/deportes\/wp-content\/uploads\/2014\/03\/ATP.jpg\" width=\"407\" height=\"305\" data-id=\"10598\" srcset=\"https:\/\/www.cordobatimes.com\/deportes\/wp-content\/uploads\/2014\/03\/ATP.jpg 407w, https:\/\/www.cordobatimes.com\/deportes\/wp-content\/uploads\/2014\/03\/ATP-300x224.jpg 300w\" sizes=\"auto, (max-width: 407px) 100vw, 407px\" \/><\/a><\/strong><\/h3>\n<h3><strong>La decisi\u00f3n fue tomada por la Federaci\u00f3n Internacional de Tenis (ITF). De esta forma, el certamen que se desarrolla en nuestro pa\u00eds estar\u00e1 en la misma fecha que Dubai y Acapulco, de mejor categor\u00eda y mayores recursos econ\u00f3micos.<\/strong><\/h3>\n<p>&nbsp;<\/p>\n<p>El lugar que ocupaba el ATP 250 de Buenos Aires ser\u00e1 propiedad de San Pablo que, seg\u00fan contaron desde la organizaci\u00f3n, &#8220;puso m\u00e1s plata y presion\u00f3&#8221; para lograr su cometido. De esta forma, el principal impedimento ser\u00e1 la presencia de grandes figuras, como este a\u00f1o lo fue David Ferrer (reemplaz\u00f3 a Nadal, quien iba a ser el principal protagonista pero no lleg\u00f3 por impedimentos f\u00edsicos).<\/p>\n<p>Argentina estar\u00e1 en el calendario durante la \u00faltima semana de febrero. Al ser un torneo menor (ATP 250), sufrir\u00e1 las consecuencias de compartir fecha con Dubai, cuenta con Federer y Djokovic como habituales participantes, y Acapulco ambos ATP 500 y jugados en superficies r\u00e1pidas (de preferencias para los mejores tenistas del mundo), a diferencia del &#8220;nuestro&#8221;, que se disputa sobre polvo de ladrillo, entrega menos dinero en premios y brinda menos puntos para el ordenamiento.<\/p>\n","protected":false},"excerpt":{"rendered":"<p>La decisi\u00f3n fue tomada por la Federaci\u00f3n Internacional de Tenis (ITF). De esta forma, el certamen que se desarrolla en nuestro pa\u00eds estar\u00e1 en la misma fecha que Dubai y Acapulco, de mejor categor\u00eda y mayores recursos econ\u00f3micos. &nbsp; El lugar que ocupaba el ATP 250 de Buenos Aires ser\u00e1 propiedad de San Pablo que, [&hellip;]<\/p>\n","protected":false},"author":2,"featured_media":10598,"comment_status":"open","ping_status":"open","sticky":false,"template":"","format":"standard","meta":{"_seopress_robots_primary_cat":"","_seopress_titles_title":"","_seopress_titles_desc":"","_seopress_robots_index":"","footnotes":""},"categories":[4],"tags":[2297,202,2295,2296,856,237],"class_list":["post-10595","post","type-post","status-publish","format-standard","has-post-thumbnail","hentry","category-tenis","tag-acapulco","tag-atp","tag-atp-250-de-buenos-aires","tag-cambio-de-fecha","tag-dubai","tag-nadal"],"_links":{"self":[{"href":"https:\/\/www.cordobatimes.com\/deportes\/wp-json\/wp\/v2\/posts\/10595","targetHints":{"allow":["GET"]}}],"collection":[{"href":"https:\/\/www.cordobatimes.com\/deportes\/wp-json\/wp\/v2\/posts"}],"about":[{"href":"https:\/\/www.cordobatimes.com\/deportes\/wp-json\/wp\/v2\/types\/post"}],"author":[{"embeddable":true,"href":"https:\/\/www.cordobatimes.com\/deportes\/wp-json\/wp\/v2\/users\/2"}],"replies":[{"embeddable":true,"href":"https:\/\/www.cordobatimes.com\/deportes\/wp-json\/wp\/v2\/comments?post=10595"}],"version-history":[{"count":0,"href":"https:\/\/www.cordobatimes.com\/deportes\/wp-json\/wp\/v2\/posts\/10595\/revisions"}],"wp:featuredmedia":[{"embeddable":true,"href":"https:\/\/www.cordobatimes.com\/deportes\/wp-json\/wp\/v2\/media\/10598"}],"wp:attachment":[{"href":"https:\/\/www.cordobatimes.com\/deportes\/wp-json\/wp\/v2\/media?parent=10595"}],"wp:term":[{"taxonomy":"category","embeddable":true,"href":"https:\/\/www.cordobatimes.com\/deportes\/wp-json\/wp\/v2\/categories?post=10595"},{"taxonomy":"post_tag","embeddable":true,"href":"https:\/\/www.cordobatimes.com\/deportes\/wp-json\/wp\/v2\/tags?post=10595"}],"curies":[{"name":"wp","href":"https:\/\/api.w.org\/{rel}","templated":true}]}}