{"id":10573,"date":"2014-03-27T15:26:06","date_gmt":"2014-03-27T18:26:06","guid":{"rendered":"http:\/\/www.cordobatimes.com\/deportes\/?p=10573"},"modified":"2014-03-27T15:27:02","modified_gmt":"2014-03-27T18:27:02","slug":"instituto-vuelve-tellechea","status":"publish","type":"post","link":"https:\/\/www.cordobatimes.com\/deportes\/futbol\/2014\/03\/27\/instituto-vuelve-tellechea\/","title":{"rendered":"Instituto: vuelve Tellechea"},"content":{"rendered":"<p style=\"text-align: center;\"><b><span style=\"text-decoration: underline;\"><a href=\"http:\/\/www.cordobatimes.com\/deportes\/wp-content\/uploads\/2014\/03\/Gloria.jpg\"><img loading=\"lazy\" decoding=\"async\" class=\"size-full wp-image-10574 aligncenter\" alt=\"Gloria\" src=\"http:\/\/www.cordobatimes.com\/deportes\/wp-content\/uploads\/2014\/03\/Gloria.jpg\" width=\"600\" height=\"450\" data-id=\"10574\" srcset=\"https:\/\/www.cordobatimes.com\/deportes\/wp-content\/uploads\/2014\/03\/Gloria.jpg 600w, https:\/\/www.cordobatimes.com\/deportes\/wp-content\/uploads\/2014\/03\/Gloria-300x225.jpg 300w\" sizes=\"auto, (max-width: 600px) 100vw, 600px\" \/><\/a><\/span><\/b><\/p>\n<h3 style=\"text-align: justify;\"><b>El volante uruguayo cumpli\u00f3 una fecha de suspensi\u00f3n y retornar\u00eda al 11 titular que enfrentar\u00e1 el s\u00e1bado a Villa San Carlos.<\/b><\/h3>\n<p style=\"text-align: justify;\">La Gloria realiz\u00f3 esta ma\u00f1ana una pr\u00e1ctica de f\u00fatbol formal pensando en el encuentro del s\u00e1bado a las 18 ante el equipo de Berisso, partido de La Plata.\u00a0 El DT Jim\u00e9nez dispuso del ingreso de Emiliano Tellechea\u00a0 en lugar de Abel Masuero, lo que hace que el capit\u00e1n Ra\u00fal Damiani vuelva a su puesto en la defensa.<\/p>\n<p style=\"text-align: justify;\">La otra variante que se pudo observar fue el ingreso de Javier Vel\u00e1zquez por Juan Mart\u00edn, quien padece una molestia en el aductor y desde el cuerpo t\u00e9cnico quieren cuidarlo. De esta manera, el albirrojo hoy formo con: Chiarini<b>; <\/b>Damiani, Frontini, Schmidt y De Miranda; Correa, Vismara y Tellechea; Burzio, Vel\u00e1zquez y Favalli.<\/p>\n<p style=\"text-align: justify;\">De no mediar inconvenientes, este ser\u00eda el equipo titular. Habr\u00e1 que esperar el ensayo de ma\u00f1ana para ver si &#8220;Miliki&#8221; realiza alg\u00fan movimiento de \u00faltimo momento.<\/p>\n","protected":false},"excerpt":{"rendered":"<p>El volante uruguayo cumpli\u00f3 una fecha de suspensi\u00f3n y retornar\u00eda al 11 titular que enfrentar\u00e1 el s\u00e1bado a Villa San Carlos. La Gloria realiz\u00f3 esta ma\u00f1ana una pr\u00e1ctica de f\u00fatbol formal pensando en el encuentro del s\u00e1bado a las 18 ante el equipo de Berisso, partido de La Plata.\u00a0 El DT Jim\u00e9nez dispuso del ingreso [&hellip;]<\/p>\n","protected":false},"author":15,"featured_media":10574,"comment_status":"open","ping_status":"open","sticky":false,"template":"","format":"standard","meta":{"_seopress_robots_primary_cat":"","_seopress_titles_title":"","_seopress_titles_desc":"","_seopress_robots_index":"","footnotes":""},"categories":[2,17],"tags":[349,35,2033,2275,2180],"class_list":["post-10573","post","type-post","status-publish","format-standard","has-post-thumbnail","hentry","category-futbol","category-nacional-b","tag-ascenso","tag-instituto","tag-miliki-jimenez","tag-primera-b","tag-tellechea"],"_links":{"self":[{"href":"https:\/\/www.cordobatimes.com\/deportes\/wp-json\/wp\/v2\/posts\/10573","targetHints":{"allow":["GET"]}}],"collection":[{"href":"https:\/\/www.cordobatimes.com\/deportes\/wp-json\/wp\/v2\/posts"}],"about":[{"href":"https:\/\/www.cordobatimes.com\/deportes\/wp-json\/wp\/v2\/types\/post"}],"author":[{"embeddable":true,"href":"https:\/\/www.cordobatimes.com\/deportes\/wp-json\/wp\/v2\/users\/15"}],"replies":[{"embeddable":true,"href":"https:\/\/www.cordobatimes.com\/deportes\/wp-json\/wp\/v2\/comments?post=10573"}],"version-history":[{"count":0,"href":"https:\/\/www.cordobatimes.com\/deportes\/wp-json\/wp\/v2\/posts\/10573\/revisions"}],"wp:featuredmedia":[{"embeddable":true,"href":"https:\/\/www.cordobatimes.com\/deportes\/wp-json\/wp\/v2\/media\/10574"}],"wp:attachment":[{"href":"https:\/\/www.cordobatimes.com\/deportes\/wp-json\/wp\/v2\/media?parent=10573"}],"wp:term":[{"taxonomy":"category","embeddable":true,"href":"https:\/\/www.cordobatimes.com\/deportes\/wp-json\/wp\/v2\/categories?post=10573"},{"taxonomy":"post_tag","embeddable":true,"href":"https:\/\/www.cordobatimes.com\/deportes\/wp-json\/wp\/v2\/tags?post=10573"}],"curies":[{"name":"wp","href":"https:\/\/api.w.org\/{rel}","templated":true}]}}