{"id":10565,"date":"2014-03-27T08:14:10","date_gmt":"2014-03-27T11:14:10","guid":{"rendered":"http:\/\/www.cordobatimes.com\/deportes\/?p=10565"},"modified":"2014-03-27T14:15:57","modified_gmt":"2014-03-27T17:15:57","slug":"ignacio-char-se-suma-al-guidi-competicion%e2%80%8f","status":"publish","type":"post","link":"https:\/\/www.cordobatimes.com\/deportes\/automovilismo\/2014\/03\/27\/ignacio-char-se-suma-al-guidi-competicion%e2%80%8f\/","title":{"rendered":"Ignacio Char, se suma al  Guidi Competici\u00f3n\u200f"},"content":{"rendered":"<p>&nbsp;<\/p>\n<h3><a href=\"http:\/\/www.cordobatimes.com\/deportes\/wp-content\/uploads\/2014\/03\/char.jpg\"><img loading=\"lazy\" decoding=\"async\" class=\"alignnone size-full wp-image-10566\" alt=\"char\" src=\"http:\/\/www.cordobatimes.com\/deportes\/wp-content\/uploads\/2014\/03\/char.jpg\" width=\"1300\" height=\"459\" data-id=\"10566\" srcset=\"https:\/\/www.cordobatimes.com\/deportes\/wp-content\/uploads\/2014\/03\/char.jpg 1300w, https:\/\/www.cordobatimes.com\/deportes\/wp-content\/uploads\/2014\/03\/char-300x105.jpg 300w, https:\/\/www.cordobatimes.com\/deportes\/wp-content\/uploads\/2014\/03\/char-1024x361.jpg 1024w\" sizes=\"auto, (max-width: 1300px) 100vw, 1300px\" \/><\/a><\/h3>\n<h3>Ignacio Char\u00a0reemplazar\u00e1 a Norberto Fontana, quien se desvincul\u00f3 del equipo de Top Race V6, a partir de la pr\u00f3xima \u00a0competencia en San Luis.<\/h3>\n<p>&nbsp;<\/p>\n<p>El piloto cordob\u00e9s se subir\u00e1 al Passat que dej\u00f3 libre Fontana , siendo\u00a0\u00a0su primera presentaci\u00f3n en la categor\u00eda espect\u00e1culo.<\/p>\n<p><em>\u201cTengo muy buenas\u00a0referencias de la categor\u00eda y del equipo. Siempre vi al Top Race como una posibilidad porque \u00a0me atraen los autos, en particular la potencia que tienen. Hoy en d\u00eda la categor\u00eda est\u00e1 en\u00a0franco crecimiento, con cambios que creo positivos, y es muy importante ser parte de ese\u00a0proceso&#8221;<\/em><\/p>\n<p>Como cualquier piloto que realiza su primera incursi\u00f3n en una categor\u00eda, sus pretensiones cortas no hacen m\u00e1s que demostrar una necesidad\u00a0de adaptaci\u00f3n para, reci\u00e9n con el correr del tiempo, apuntar a objetivos m\u00e1s altos.<\/p>\n<p><em id=\"__mceDel\"><br \/>\n&#8220;Quiero sumar vueltas y tiempo arriba del auto. Me han comentado que no son m\u00e1quinas\u00a0<em id=\"__mceDel\">f\u00e1ciles para manejar y que la goma tambi\u00e9n tiene sus secretos, por eso pretendo ir de a\u00a0<em id=\"__mceDel\">poco y aprender carrera tras carrera. Tengo en claro que me puede llevar algo de tiempo\u00a0<em id=\"__mceDel\">la adaptaci\u00f3n y no pretendo lograr resultados de movida&#8221;, analiz\u00f3 Char.<\/em><\/em><\/em><\/em><\/p>\n<p>&nbsp;<\/p>\n","protected":false},"excerpt":{"rendered":"<p>&nbsp; Ignacio Char\u00a0reemplazar\u00e1 a Norberto Fontana, quien se desvincul\u00f3 del equipo de Top Race V6, a partir de la pr\u00f3xima \u00a0competencia en San Luis. &nbsp; El piloto cordob\u00e9s se subir\u00e1 al Passat que dej\u00f3 libre Fontana , siendo\u00a0\u00a0su primera presentaci\u00f3n en la categor\u00eda espect\u00e1culo. \u201cTengo muy buenas\u00a0referencias de la categor\u00eda y del equipo. Siempre vi [&hellip;]<\/p>\n","protected":false},"author":6,"featured_media":10566,"comment_status":"open","ping_status":"open","sticky":false,"template":"","format":"standard","meta":{"_seopress_robots_primary_cat":"","_seopress_titles_title":"","_seopress_titles_desc":"","_seopress_robots_index":"","footnotes":""},"categories":[1,15],"tags":[],"class_list":["post-10565","post","type-post","status-publish","format-standard","has-post-thumbnail","hentry","category-automovilismo","category-top-race"],"_links":{"self":[{"href":"https:\/\/www.cordobatimes.com\/deportes\/wp-json\/wp\/v2\/posts\/10565","targetHints":{"allow":["GET"]}}],"collection":[{"href":"https:\/\/www.cordobatimes.com\/deportes\/wp-json\/wp\/v2\/posts"}],"about":[{"href":"https:\/\/www.cordobatimes.com\/deportes\/wp-json\/wp\/v2\/types\/post"}],"author":[{"embeddable":true,"href":"https:\/\/www.cordobatimes.com\/deportes\/wp-json\/wp\/v2\/users\/6"}],"replies":[{"embeddable":true,"href":"https:\/\/www.cordobatimes.com\/deportes\/wp-json\/wp\/v2\/comments?post=10565"}],"version-history":[{"count":0,"href":"https:\/\/www.cordobatimes.com\/deportes\/wp-json\/wp\/v2\/posts\/10565\/revisions"}],"wp:featuredmedia":[{"embeddable":true,"href":"https:\/\/www.cordobatimes.com\/deportes\/wp-json\/wp\/v2\/media\/10566"}],"wp:attachment":[{"href":"https:\/\/www.cordobatimes.com\/deportes\/wp-json\/wp\/v2\/media?parent=10565"}],"wp:term":[{"taxonomy":"category","embeddable":true,"href":"https:\/\/www.cordobatimes.com\/deportes\/wp-json\/wp\/v2\/categories?post=10565"},{"taxonomy":"post_tag","embeddable":true,"href":"https:\/\/www.cordobatimes.com\/deportes\/wp-json\/wp\/v2\/tags?post=10565"}],"curies":[{"name":"wp","href":"https:\/\/api.w.org\/{rel}","templated":true}]}}