{"id":10561,"date":"2014-03-27T13:31:05","date_gmt":"2014-03-27T16:31:05","guid":{"rendered":"http:\/\/www.cordobatimes.com\/deportes\/?p=10561"},"modified":"2014-03-27T13:31:05","modified_gmt":"2014-03-27T16:31:05","slug":"rusia-se-queda-afuera-del-mundial","status":"publish","type":"post","link":"https:\/\/www.cordobatimes.com\/deportes\/futbol\/2014\/03\/27\/rusia-se-queda-afuera-del-mundial\/","title":{"rendered":"\u00bfRusia se queda afuera del mundial?"},"content":{"rendered":"<p><a href=\"http:\/\/www.cordobatimes.com\/deportes\/wp-content\/uploads\/2014\/03\/rusia-rumbo-brasil-2014.jpg\"><img loading=\"lazy\" decoding=\"async\" class=\"alignnone size-full wp-image-10562\" alt=\"rusia-rumbo-brasil-2014\" src=\"http:\/\/www.cordobatimes.com\/deportes\/wp-content\/uploads\/2014\/03\/rusia-rumbo-brasil-2014.jpg\" width=\"611\" height=\"458\" data-id=\"10562\" srcset=\"https:\/\/www.cordobatimes.com\/deportes\/wp-content\/uploads\/2014\/03\/rusia-rumbo-brasil-2014.jpg 611w, https:\/\/www.cordobatimes.com\/deportes\/wp-content\/uploads\/2014\/03\/rusia-rumbo-brasil-2014-300x224.jpg 300w\" sizes=\"auto, (max-width: 611px) 100vw, 611px\" \/><\/a><\/p>\n<h3>La ONU podr\u00eda decidir que Rusia no participe del Mundial a disputarse en Brasil este a\u00f1o,\u00a0tras la presi\u00f3n de los senadores de Estados Unidos ante la FIFA, a causa de los conflictos sociopol\u00edticos entre el pa\u00eds ruso y Ucrania.<\/h3>\n<p>&nbsp;<\/p>\n<p>Hay tantas chances de que los rusos queden afuera del torneo internacional, que la FIFA ya designo quien seria el reemplazante del equipo europeo, poniendo a Israel como seleccionado suplente.<\/p>\n<p>&#8220;Rusia se ha mostrado una falta de respeto descarada a los principios fundamentales de la FIFA y al derecho internacional; esperamos que usted est\u00e9 de acuerdo en que no se merece el honor de ser anfitri\u00f3n de la Copa del Mundo o participar en una de ellas&#8221; \u00a0expresaron los senadores estadounidenses Mark Kirk y Dan Coats ante la FIFA.<\/p>\n<p>Por su parte, no seria la primera vez que la ONU deje afuera a una selecci\u00f3n en las v\u00edsperas de un Mundial, ya sucedi\u00f3 en el a\u00f1o 1992 cuando se reclamo formalmente a la FIFA dejar afuera al equipo yugoslavo de la eurocopa de ese a\u00f1o y del Mundial de Estados Unidos en 1994.<\/p>\n","protected":false},"excerpt":{"rendered":"<p>La ONU podr\u00eda decidir que Rusia no participe del Mundial a disputarse en Brasil este a\u00f1o,\u00a0tras la presi\u00f3n de los senadores de Estados Unidos ante la FIFA, a causa de los conflictos sociopol\u00edticos entre el pa\u00eds ruso y Ucrania. &nbsp; Hay tantas chances de que los rusos queden afuera del torneo internacional, que la FIFA [&hellip;]<\/p>\n","protected":false},"author":17,"featured_media":10562,"comment_status":"open","ping_status":"open","sticky":false,"template":"","format":"standard","meta":{"_seopress_robots_primary_cat":"","_seopress_titles_title":"","_seopress_titles_desc":"","_seopress_robots_index":"","footnotes":""},"categories":[2,22],"tags":[1090,108,2294,954],"class_list":["post-10561","post","type-post","status-publish","format-standard","has-post-thumbnail","hentry","category-futbol","category-mundial-brasil-2014","tag-estados-unidos","tag-fifa","tag-onu","tag-rusia"],"_links":{"self":[{"href":"https:\/\/www.cordobatimes.com\/deportes\/wp-json\/wp\/v2\/posts\/10561","targetHints":{"allow":["GET"]}}],"collection":[{"href":"https:\/\/www.cordobatimes.com\/deportes\/wp-json\/wp\/v2\/posts"}],"about":[{"href":"https:\/\/www.cordobatimes.com\/deportes\/wp-json\/wp\/v2\/types\/post"}],"author":[{"embeddable":true,"href":"https:\/\/www.cordobatimes.com\/deportes\/wp-json\/wp\/v2\/users\/17"}],"replies":[{"embeddable":true,"href":"https:\/\/www.cordobatimes.com\/deportes\/wp-json\/wp\/v2\/comments?post=10561"}],"version-history":[{"count":0,"href":"https:\/\/www.cordobatimes.com\/deportes\/wp-json\/wp\/v2\/posts\/10561\/revisions"}],"wp:featuredmedia":[{"embeddable":true,"href":"https:\/\/www.cordobatimes.com\/deportes\/wp-json\/wp\/v2\/media\/10562"}],"wp:attachment":[{"href":"https:\/\/www.cordobatimes.com\/deportes\/wp-json\/wp\/v2\/media?parent=10561"}],"wp:term":[{"taxonomy":"category","embeddable":true,"href":"https:\/\/www.cordobatimes.com\/deportes\/wp-json\/wp\/v2\/categories?post=10561"},{"taxonomy":"post_tag","embeddable":true,"href":"https:\/\/www.cordobatimes.com\/deportes\/wp-json\/wp\/v2\/tags?post=10561"}],"curies":[{"name":"wp","href":"https:\/\/api.w.org\/{rel}","templated":true}]}}