{"id":10547,"date":"2014-03-27T12:45:31","date_gmt":"2014-03-27T15:45:31","guid":{"rendered":"http:\/\/www.cordobatimes.com\/deportes\/?p=10547"},"modified":"2014-03-27T12:48:52","modified_gmt":"2014-03-27T15:48:52","slug":"belgrano-se-vienen-las-elecciones","status":"publish","type":"post","link":"https:\/\/www.cordobatimes.com\/deportes\/futbol\/2014\/03\/27\/belgrano-se-vienen-las-elecciones\/","title":{"rendered":"Belgrano: se vienen las elecciones"},"content":{"rendered":"<p style=\"text-align: center;\"><a href=\"http:\/\/www.cordobatimes.com\/deportes\/wp-content\/uploads\/2014\/03\/belgrano3.jpg\"><img loading=\"lazy\" decoding=\"async\" class=\"size-full wp-image-10554 aligncenter\" alt=\"belgrano\" src=\"http:\/\/www.cordobatimes.com\/deportes\/wp-content\/uploads\/2014\/03\/belgrano3.jpg\" width=\"690\" height=\"350\" data-id=\"10554\" srcset=\"https:\/\/www.cordobatimes.com\/deportes\/wp-content\/uploads\/2014\/03\/belgrano3.jpg 690w, https:\/\/www.cordobatimes.com\/deportes\/wp-content\/uploads\/2014\/03\/belgrano3-300x152.jpg 300w\" sizes=\"auto, (max-width: 690px) 100vw, 690px\" \/><\/a><\/p>\n<h3 style=\"text-align: justify;\"><b style=\"font-size: 13px;\">Luego de superar la quiebra y recuperar el club, los socios podr\u00e1n elegir las autoridades que los representaran durante los pr\u00f3ximos tres a\u00f1os.<\/b><\/h3>\n<p style=\"text-align: justify;\">Finalmente el d\u00eda 26 de abril del 2014, de 8 a 18hs, se llevaran a cabo las tan ansiadas elecciones en el Club Atl\u00e9tico Belgrano. Las mismas se realizaran en la sede del club. Recordemos que la instituci\u00f3n de Alberdi quebr\u00f3 en el a\u00f1o 2001 por una deuda de 24 millones de pesos.<\/p>\n<p style=\"text-align: justify;\">Ese d\u00eda se elegir\u00e1n: Presidente, Vicepresidente 1\u00b0, 2\u00b0 y 3\u00b0 , Secretario, Prosecretario, Tesorero, Protesorero; ocho Vocales Titulares, cinco Vocales Suplentes, entre otros.<\/p>\n<p style=\"text-align: justify;\">Hasta el momento la \u00fanica lista que se presento es la del actual presidente Armando P\u00e9rez (\u201cResurgir Celeste\u201d). El dirigente ya confirm\u00f3 que va por la reelecci\u00f3n y se presentara con los mismos hombres que lo vienen acompa\u00f1ando en su actual gesti\u00f3n.<\/p>\n<p style=\"text-align: justify;\">Solo podr\u00e1n votar aquellos que est\u00e9n incluidos en el padr\u00f3n de socios o vitalicios, tengan m\u00ednimo 18 a\u00f1os y un a\u00f1o de antig\u00fcedad como socio, tener la cuota al d\u00eda y al momento del acto electivo tener consigo el DNI o el carnet de socio para acreditar su identidad.<\/p>\n","protected":false},"excerpt":{"rendered":"<p>Luego de superar la quiebra y recuperar el club, los socios podr\u00e1n elegir las autoridades que los representaran durante los pr\u00f3ximos tres a\u00f1os. Finalmente el d\u00eda 26 de abril del 2014, de 8 a 18hs, se llevaran a cabo las tan ansiadas elecciones en el Club Atl\u00e9tico Belgrano. Las mismas se realizaran en la sede [&hellip;]<\/p>\n","protected":false},"author":15,"featured_media":10554,"comment_status":"open","ping_status":"open","sticky":false,"template":"","format":"standard","meta":{"_seopress_robots_primary_cat":"","_seopress_titles_title":"","_seopress_titles_desc":"","_seopress_robots_index":"","footnotes":""},"categories":[2,16],"tags":[1072,37,1093,39],"class_list":["post-10547","post","type-post","status-publish","format-standard","has-post-thumbnail","hentry","category-futbol","category-primera-division","tag-armando-perez","tag-belgrano","tag-elecciones","tag-quiebra"],"_links":{"self":[{"href":"https:\/\/www.cordobatimes.com\/deportes\/wp-json\/wp\/v2\/posts\/10547","targetHints":{"allow":["GET"]}}],"collection":[{"href":"https:\/\/www.cordobatimes.com\/deportes\/wp-json\/wp\/v2\/posts"}],"about":[{"href":"https:\/\/www.cordobatimes.com\/deportes\/wp-json\/wp\/v2\/types\/post"}],"author":[{"embeddable":true,"href":"https:\/\/www.cordobatimes.com\/deportes\/wp-json\/wp\/v2\/users\/15"}],"replies":[{"embeddable":true,"href":"https:\/\/www.cordobatimes.com\/deportes\/wp-json\/wp\/v2\/comments?post=10547"}],"version-history":[{"count":0,"href":"https:\/\/www.cordobatimes.com\/deportes\/wp-json\/wp\/v2\/posts\/10547\/revisions"}],"wp:featuredmedia":[{"embeddable":true,"href":"https:\/\/www.cordobatimes.com\/deportes\/wp-json\/wp\/v2\/media\/10554"}],"wp:attachment":[{"href":"https:\/\/www.cordobatimes.com\/deportes\/wp-json\/wp\/v2\/media?parent=10547"}],"wp:term":[{"taxonomy":"category","embeddable":true,"href":"https:\/\/www.cordobatimes.com\/deportes\/wp-json\/wp\/v2\/categories?post=10547"},{"taxonomy":"post_tag","embeddable":true,"href":"https:\/\/www.cordobatimes.com\/deportes\/wp-json\/wp\/v2\/tags?post=10547"}],"curies":[{"name":"wp","href":"https:\/\/api.w.org\/{rel}","templated":true}]}}