{"id":10521,"date":"2014-03-26T21:27:12","date_gmt":"2014-03-27T00:27:12","guid":{"rendered":"http:\/\/www.cordobatimes.com\/deportes\/?p=10521"},"modified":"2014-03-26T21:27:12","modified_gmt":"2014-03-27T00:27:12","slug":"maradona-yo-deberia-ser-el-dt-de-la-seleccion-en-brasil","status":"publish","type":"post","link":"https:\/\/www.cordobatimes.com\/deportes\/futbol\/2014\/03\/26\/maradona-yo-deberia-ser-el-dt-de-la-seleccion-en-brasil\/","title":{"rendered":"Maradona: &#8220;Yo deber\u00eda ser el DT de la Selecci\u00f3n en Brasil&#8221;"},"content":{"rendered":"<h3 style=\"text-align: justify;\"><\/h3>\n<figure id=\"attachment_1073\" aria-describedby=\"caption-attachment-1073\" style=\"width: 640px\" class=\"wp-caption aligncenter\"><a href=\"http:\/\/www.cordobatimes.com\/deportes\/wp-content\/uploads\/2013\/10\/maradona-dt.jpg\"><img loading=\"lazy\" decoding=\"async\" class=\" wp-image-1073 \" alt=\"Foto: Archivo\" src=\"http:\/\/www.cordobatimes.com\/deportes\/wp-content\/uploads\/2013\/10\/maradona-dt.jpg\" width=\"640\" height=\"440\" data-id=\"1073\" \/><\/a><figcaption id=\"caption-attachment-1073\" class=\"wp-caption-text\">Foto: Archivo<\/figcaption><\/figure>\n<h3 style=\"text-align: justify;\"><strong>Durante una entrevista, el Diez critic\u00f3 nuevamente a\u00a0los dirigentes de la Asociaci\u00f3n del F\u00fatbol Argentino (AFA) y asegur\u00f3 que \u00e9l deber\u00eda ser el entrenador de Argentina en el pr\u00f3ximo Mundial.<\/strong><\/h3>\n<p>&nbsp;<\/p>\n<p style=\"text-align: justify;\">&#8220;La actual dirigencia de la AFA entiende de f\u00fatbol lo mismo que los paquistan\u00edes. No tienen ni idea&#8221;, expres\u00f3 Diego en una entrevista en Dubai que public\u00f3 hoy la revista deportiva alemana &#8220;Sport Bild&#8221;.\u00a0&#8220;La AFA me hizo una muy mala jugada. En realidad yo debiera estar de director t\u00e9cnico tambi\u00e9n en este Mundial&#8221;, asegur\u00f3.<\/p>\n<p style=\"text-align: justify;\">&#8220;Para ser claros: en Pakist\u00e1n seguro que hay un mont\u00f3n de cosas buenas. Pero nunca los vi en una final de un Mundial. Lo digo: \u00a1La dirigencia de la AFA est\u00e1 compuesta hoy por paquistan\u00edes!&#8221;, afirm\u00f3 Maradona en los Emiratos \u00c1rabes Unidos, donde participa en el show de talentos &#8220;The Victorious&#8221;.<\/p>\n<p style=\"text-align: justify;\">No quedan dudas que Diego\u00a0Maradona, campe\u00f3n del mundo y figura en la Copa de 1986, todav\u00eda contin\u00faa dolido luego de su pol\u00e9mica salida del cargo de entrenador de la celeste y blanca tras la eliminaci\u00f3n en cuartos del Mundial de Sud\u00e1firca 2010.<\/p>\n","protected":false},"excerpt":{"rendered":"<p>Durante una entrevista, el Diez critic\u00f3 nuevamente a\u00a0los dirigentes de la Asociaci\u00f3n del F\u00fatbol Argentino (AFA) y asegur\u00f3 que \u00e9l deber\u00eda ser el entrenador de Argentina en el pr\u00f3ximo Mundial. &nbsp; &#8220;La actual dirigencia de la AFA entiende de f\u00fatbol lo mismo que los paquistan\u00edes. No tienen ni idea&#8221;, expres\u00f3 Diego en una entrevista en [&hellip;]<\/p>\n","protected":false},"author":10,"featured_media":1073,"comment_status":"open","ping_status":"open","sticky":false,"template":"","format":"standard","meta":{"_seopress_robots_primary_cat":"","_seopress_titles_title":"","_seopress_titles_desc":"","_seopress_robots_index":"","footnotes":""},"categories":[2,22],"tags":[33,1932,856,571],"class_list":["post-10521","post","type-post","status-publish","format-standard","has-post-thumbnail","hentry","category-futbol","category-mundial-brasil-2014","tag-afa","tag-diego-maradona","tag-dubai","tag-mundial-brasil-2014-2"],"_links":{"self":[{"href":"https:\/\/www.cordobatimes.com\/deportes\/wp-json\/wp\/v2\/posts\/10521","targetHints":{"allow":["GET"]}}],"collection":[{"href":"https:\/\/www.cordobatimes.com\/deportes\/wp-json\/wp\/v2\/posts"}],"about":[{"href":"https:\/\/www.cordobatimes.com\/deportes\/wp-json\/wp\/v2\/types\/post"}],"author":[{"embeddable":true,"href":"https:\/\/www.cordobatimes.com\/deportes\/wp-json\/wp\/v2\/users\/10"}],"replies":[{"embeddable":true,"href":"https:\/\/www.cordobatimes.com\/deportes\/wp-json\/wp\/v2\/comments?post=10521"}],"version-history":[{"count":0,"href":"https:\/\/www.cordobatimes.com\/deportes\/wp-json\/wp\/v2\/posts\/10521\/revisions"}],"wp:featuredmedia":[{"embeddable":true,"href":"https:\/\/www.cordobatimes.com\/deportes\/wp-json\/wp\/v2\/media\/1073"}],"wp:attachment":[{"href":"https:\/\/www.cordobatimes.com\/deportes\/wp-json\/wp\/v2\/media?parent=10521"}],"wp:term":[{"taxonomy":"category","embeddable":true,"href":"https:\/\/www.cordobatimes.com\/deportes\/wp-json\/wp\/v2\/categories?post=10521"},{"taxonomy":"post_tag","embeddable":true,"href":"https:\/\/www.cordobatimes.com\/deportes\/wp-json\/wp\/v2\/tags?post=10521"}],"curies":[{"name":"wp","href":"https:\/\/api.w.org\/{rel}","templated":true}]}}