{"id":10500,"date":"2014-03-26T19:14:29","date_gmt":"2014-03-26T22:14:29","guid":{"rendered":"http:\/\/www.cordobatimes.com\/deportes\/?p=10500"},"modified":"2014-03-26T19:14:29","modified_gmt":"2014-03-26T22:14:29","slug":"con-uno-de-messi-barcelona-vencio-a-celta-video","status":"publish","type":"post","link":"https:\/\/www.cordobatimes.com\/deportes\/futbol\/2014\/03\/26\/con-uno-de-messi-barcelona-vencio-a-celta-video\/","title":{"rendered":"Con uno de Messi, Barcelona venci\u00f3 a Celta (Video)"},"content":{"rendered":"<h3 style=\"text-align: justify;\"><a href=\"http:\/\/www.cordobatimes.com\/deportes\/wp-content\/uploads\/2014\/03\/messi-celta.jpg\"><img loading=\"lazy\" decoding=\"async\" class=\"aligncenter  wp-image-10501\" alt=\"messi celta\" src=\"http:\/\/www.cordobatimes.com\/deportes\/wp-content\/uploads\/2014\/03\/messi-celta.jpg\" width=\"640\" height=\"400\" data-id=\"10501\" \/><\/a><\/h3>\n<h3 style=\"text-align: justify;\"><strong>El conjunto del Tata Martino derrot\u00f3\u00a0en el Camp Nou a los de Vigo por 3 a 0 y, hasta que jueguen Atl\u00e9tico y Real Madrid es el \u00fanico puntero de la Liga espa\u00f1ola. La Pulga convirti\u00f3 un tanto mientras que Neymar marc\u00f3 por duplicado. V\u00edctor Vald\u00e9s se lesion\u00f3 la rodilla y se perder\u00e1 el Mundial. Mir\u00e1 los goles.<\/strong><\/h3>\n<p>&nbsp;<\/p>\n<p style=\"text-align: justify;\">Despu\u00e9s de la resonante victoria en el Santiago Bernab\u00e9u,\u00a0Barcelona\u00a0ten\u00eda que ratificar ante su gente la levantada para subirse a la cima del torneo de manera transitoria y\u00a0trasladarles la presi\u00f3n a Atl\u00e9tico y Real Madrid, que jugaban en segundo turno.<\/p>\n<p style=\"text-align: justify;\">S\u00f3lo iban 6 minutos de juego cuando\u00a0Neymar aprovech\u00f3 una gran asistencia de Lionel Messi y la posterior cesi\u00f3n de Alexis S\u00e1nchez\u00a0para empujar la pelota al arco vac\u00edo y establecer el 1-0 con el que el tr\u00e1mite quedar\u00eda sentenciado.<\/p>\n<p style=\"text-align: justify;\">La visita casi no inquiet\u00f3 a V\u00edctor Vald\u00e9s, que en una acci\u00f3n desafortunada\u00a0sufri\u00f3 una grave lesi\u00f3n en la rodilla\u00a0y tuvo que dejar el campo de juego (Se\u00a0rompi\u00f3 el ligamento cruzado anterior y se perder\u00e1 lo que resta del torneo y no estar\u00e1 en la Copa del Mundo).<\/p>\n<figure id=\"attachment_10502\" aria-describedby=\"caption-attachment-10502\" style=\"width: 620px\" class=\"wp-caption aligncenter\"><a href=\"http:\/\/www.cordobatimes.com\/deportes\/wp-content\/uploads\/2014\/03\/victor-valdes.jpg\"><img loading=\"lazy\" decoding=\"async\" class=\"size-full wp-image-10502\" alt=\"El portero se fue llorando sin consuelo presagiando lo que se confirmar\u00eda m\u00e1s tarde.\" src=\"http:\/\/www.cordobatimes.com\/deportes\/wp-content\/uploads\/2014\/03\/victor-valdes.jpg\" width=\"620\" height=\"430\" data-id=\"10502\" srcset=\"https:\/\/www.cordobatimes.com\/deportes\/wp-content\/uploads\/2014\/03\/victor-valdes.jpg 620w, https:\/\/www.cordobatimes.com\/deportes\/wp-content\/uploads\/2014\/03\/victor-valdes-300x208.jpg 300w\" sizes=\"auto, (max-width: 620px) 100vw, 620px\" \/><\/a><figcaption id=\"caption-attachment-10502\" class=\"wp-caption-text\">El portero se fue llorando sin consuelo presagiando lo que se confirmar\u00eda m\u00e1s tarde.<\/figcaption><\/figure>\n<p style=\"text-align: justify;\">Pinto entr\u00f3 para ocupar el arco catal\u00e1n, pero tampoco fue exigido por un conjunto gallego que baj\u00f3 los brazos definitivamente a la media hora, cuando\u00a0Messi marc\u00f3 el segundo despu\u00e9s de un exquisito pase entre l\u00edneas de Andr\u00e9s Iniesta.<\/p>\n<p style=\"text-align: justify;\">Cuando promediaba el complemento,\u00a0una escapada en soledad de Neymar,\u00a0luego de un pase largo de Alexis, deriv\u00f3 en el 3-0 que ser\u00eda definitivo.<\/p>\n<p style=\"text-align: justify;\">El desarrollo fue sencillo para el equipo cul\u00e9, que se trep\u00f3 a lo m\u00e1s alto y\u00a0les sigue el ritmo a los dos grandes de la capital espa\u00f1ola\u00a0en la disputa por el campeonato dom\u00e9stico.<\/p>\n<p style=\"text-align: justify;\"><strong>Mir\u00e1 los goles<\/strong><\/p>\n<p><iframe loading=\"lazy\" src=\"\/\/www.youtube.com\/embed\/cVM2DLIzM3k\" height=\"315\" width=\"560\" allowfullscreen=\"\" frameborder=\"0\"><\/iframe><\/p>\n<p style=\"text-align: justify;\">Fuente: Goal<\/p>\n","protected":false},"excerpt":{"rendered":"<p>El conjunto del Tata Martino derrot\u00f3\u00a0en el Camp Nou a los de Vigo por 3 a 0 y, hasta que jueguen Atl\u00e9tico y Real Madrid es el \u00fanico puntero de la Liga espa\u00f1ola. La Pulga convirti\u00f3 un tanto mientras que Neymar marc\u00f3 por duplicado. V\u00edctor Vald\u00e9s se lesion\u00f3 la rodilla y se perder\u00e1 el Mundial. [&hellip;]<\/p>\n","protected":false},"author":10,"featured_media":10501,"comment_status":"open","ping_status":"open","sticky":false,"template":"","format":"standard","meta":{"_seopress_robots_primary_cat":"","_seopress_titles_title":"","_seopress_titles_desc":"","_seopress_robots_index":"","footnotes":""},"categories":[2,18],"tags":[67,1439,69,88,244,2285],"class_list":{"0":"post-10500","1":"post","2":"type-post","3":"status-publish","4":"format-standard","5":"has-post-thumbnail","6":"hentry","7":"category-futbol","8":"category-futbol-internacional","9":"tag-barcelona","10":"tag-celta","12":"tag-messi","13":"tag-neymar","14":"tag-victor-valdes"},"_links":{"self":[{"href":"https:\/\/www.cordobatimes.com\/deportes\/wp-json\/wp\/v2\/posts\/10500","targetHints":{"allow":["GET"]}}],"collection":[{"href":"https:\/\/www.cordobatimes.com\/deportes\/wp-json\/wp\/v2\/posts"}],"about":[{"href":"https:\/\/www.cordobatimes.com\/deportes\/wp-json\/wp\/v2\/types\/post"}],"author":[{"embeddable":true,"href":"https:\/\/www.cordobatimes.com\/deportes\/wp-json\/wp\/v2\/users\/10"}],"replies":[{"embeddable":true,"href":"https:\/\/www.cordobatimes.com\/deportes\/wp-json\/wp\/v2\/comments?post=10500"}],"version-history":[{"count":0,"href":"https:\/\/www.cordobatimes.com\/deportes\/wp-json\/wp\/v2\/posts\/10500\/revisions"}],"wp:featuredmedia":[{"embeddable":true,"href":"https:\/\/www.cordobatimes.com\/deportes\/wp-json\/wp\/v2\/media\/10501"}],"wp:attachment":[{"href":"https:\/\/www.cordobatimes.com\/deportes\/wp-json\/wp\/v2\/media?parent=10500"}],"wp:term":[{"taxonomy":"category","embeddable":true,"href":"https:\/\/www.cordobatimes.com\/deportes\/wp-json\/wp\/v2\/categories?post=10500"},{"taxonomy":"post_tag","embeddable":true,"href":"https:\/\/www.cordobatimes.com\/deportes\/wp-json\/wp\/v2\/tags?post=10500"}],"curies":[{"name":"wp","href":"https:\/\/api.w.org\/{rel}","templated":true}]}}