{"id":10490,"date":"2014-03-26T15:37:24","date_gmt":"2014-03-26T18:37:24","guid":{"rendered":"http:\/\/www.cordobatimes.com\/deportes\/?p=10490"},"modified":"2014-03-26T15:42:35","modified_gmt":"2014-03-26T18:42:35","slug":"camino-a-brasil-2014-iran-el-segundo-escollo-de-la-albiceleste","status":"publish","type":"post","link":"https:\/\/www.cordobatimes.com\/deportes\/futbol\/2014\/03\/26\/camino-a-brasil-2014-iran-el-segundo-escollo-de-la-albiceleste\/","title":{"rendered":"Camino a Brasil 2014: Ir\u00e1n, el segundo escollo de la albiceleste"},"content":{"rendered":"<h3><strong><a href=\"http:\/\/www.cordobatimes.com\/deportes\/wp-content\/uploads\/2014\/03\/Ir\u00e1n1.jpg\"><img loading=\"lazy\" decoding=\"async\" class=\"alignnone size-large wp-image-10492\" alt=\"Ir\u00e1n\" src=\"http:\/\/www.cordobatimes.com\/deportes\/wp-content\/uploads\/2014\/03\/Ir\u00e1n1-1024x553.jpg\" width=\"1024\" height=\"553\" data-id=\"10492\" srcset=\"https:\/\/www.cordobatimes.com\/deportes\/wp-content\/uploads\/2014\/03\/Ir\u00e1n1-1024x553.jpg 1024w, https:\/\/www.cordobatimes.com\/deportes\/wp-content\/uploads\/2014\/03\/Ir\u00e1n1-300x162.jpg 300w, https:\/\/www.cordobatimes.com\/deportes\/wp-content\/uploads\/2014\/03\/Ir\u00e1n1.jpg 1066w\" sizes=\"auto, (max-width: 1024px) 100vw, 1024px\" \/><\/a><\/strong><\/h3>\n<h3><strong>Luego de repasar a <a title=\"Camino a Brasil 2014: Bosnia, el primer rival de Argentina\" href=\"http:\/\/www.cordobatimes.com\/deportes\/futbol\/2014\/03\/25\/camino-a-brasil-2014-bosnia-el-primer-rival-de-argentina\/\" target=\"_blank\"><span style=\"color: #0000ff;\">Bosnia, con quien debutar\u00e1 la selecci\u00f3n Argentina<\/span><\/a>, en esta ocasi\u00f3n nos centraremos en la segunda fecha correspondiente al grupo \u201cF\u201d. El juego que nos ata\u00f1e es Argentina-Ir\u00e1n, duelo que se llevar\u00e1 a cabo por primera vez en mundiales de f\u00fatbol en la categor\u00eda m\u00e1xima. C\u00f3rdoba Times te cuenta detalles fundamentales sobre el conjunto isl\u00e1mico.<\/strong><\/h3>\n<p>&nbsp;<\/p>\n<p>El 21 de Junio, Argentina enfrentar\u00e1 al combinado Iran\u00ed en la m\u00edtica Belo Horizonte, ciudad\u00a0 que albergar\u00e1 al seleccionado nacional durante su estad\u00eda en tierras brasileras.<\/p>\n<p>La historia futbol\u00edstica de Ir\u00e1n no contiene mayores logros en cuanto a t\u00edtulos ni jugadores descollantes. Sin embargo cuenta con un partido clave en la historia del f\u00fatbol, ya que en 1998, durante el mundial de Francia, logr\u00f3 derrotar por 2-1 a su hist\u00f3rico rival pol\u00edtico, los Estados Unidos de Norteam\u00e9rica.<\/p>\n<p>Ir\u00e1n llega a Brasil 2014 con serios problemas institucionales y pol\u00edticos, adem\u00e1s de contar con pocos partidos de preparaci\u00f3n. A pesar de esto, no ser\u00e1 una presa f\u00e1cil para el seleccionado argentino, ya que cuenta con un Director T\u00e9cnico sabio y con mucha experiencia, como lo es Carlos Queiroz (quien dirigi\u00f3 en su momento a la selecci\u00f3n Portuguesa y al Sporting de Lisboa del mismo pa\u00eds) quien seguramente buscar\u00e1 explotar las debilidades argentinas durante el dif\u00edcil encuentro en el cual se enfrentar\u00e1n.<\/p>\n<p><strong><span style=\"text-decoration: underline;\">La figura<\/span><\/strong><\/p>\n<p style=\"text-align: center;\"><a href=\"http:\/\/www.cordobatimes.com\/deportes\/wp-content\/uploads\/2014\/03\/Iran1.jpg\"><img loading=\"lazy\" decoding=\"async\" class=\"size-large wp-image-10493 aligncenter\" alt=\"Ir\u00e1n\" src=\"http:\/\/www.cordobatimes.com\/deportes\/wp-content\/uploads\/2014\/03\/Iran1-683x1024.jpg\" width=\"683\" height=\"1024\" data-id=\"10493\" srcset=\"https:\/\/www.cordobatimes.com\/deportes\/wp-content\/uploads\/2014\/03\/Iran1-683x1024.jpg 683w, https:\/\/www.cordobatimes.com\/deportes\/wp-content\/uploads\/2014\/03\/Iran1-200x300.jpg 200w, https:\/\/www.cordobatimes.com\/deportes\/wp-content\/uploads\/2014\/03\/Iran1.jpg 2001w\" sizes=\"auto, (max-width: 683px) 100vw, 683px\" \/><\/a><\/p>\n<p><b>Javad Nekounam: <\/b>volante\u00a0 central de gran despliegue. Tanto su capacidad de recuperaci\u00f3n en la faz defensiva, como su destreza en los pases de corta y larga distancia y su remate al arco desde zonas lejanas, son baluartes esenciales en su juego.<\/p>\n<p>Actualmente se desempe\u00f1a en el Esteghlal FC de Ir\u00e1n, luego de estar 6 a\u00f1os en el Osasuna espa\u00f1ol.<\/p>\n<p><span style=\"text-decoration: underline;\"><b>Director T\u00e9cnico<\/b><\/span><\/p>\n<p style=\"text-align: center;\"><a href=\"http:\/\/www.cordobatimes.com\/deportes\/wp-content\/uploads\/2014\/03\/Iran2.jpg\"><img loading=\"lazy\" decoding=\"async\" class=\"size-full wp-image-10494 aligncenter\" alt=\"Iran2\" src=\"http:\/\/www.cordobatimes.com\/deportes\/wp-content\/uploads\/2014\/03\/Iran2.jpg\" width=\"606\" height=\"455\" data-id=\"10494\" srcset=\"https:\/\/www.cordobatimes.com\/deportes\/wp-content\/uploads\/2014\/03\/Iran2.jpg 606w, https:\/\/www.cordobatimes.com\/deportes\/wp-content\/uploads\/2014\/03\/Iran2-300x225.jpg 300w\" sizes=\"auto, (max-width: 606px) 100vw, 606px\" \/><\/a><\/p>\n<p>En esta oportunidad destacaremos el \u00edtem de DT, ya que <b>Carlos Queiroz<\/b> le ha dado a Ir\u00e1n una identidad futbol\u00edstica que rara vez se vio en un conjunto persa.<\/p>\n<p>Debido al nivel \u201cclase: media-baja\u201d que predomina en este seleccionado, Queiroz planta un 4-4-2, que suele mutar a un defensivo 4-4-1-1, siempre bien parado en defensa y buscando contraatacar con la habilidad de su mediocentro <b>Nekounam<\/b>, o llenar de centros el \u00e1rea para la llegada de <b>Ghoochannejhad<\/b>, delantero que se desempe\u00f1a en el f\u00fatbol belga (con pasado alentador en las juveniles del seleccionado Holand\u00e9s para el cual disput\u00f3 torneos sub-17 y sub-20).<\/p>\n","protected":false},"excerpt":{"rendered":"<p>Luego de repasar a Bosnia, con quien debutar\u00e1 la selecci\u00f3n Argentina, en esta ocasi\u00f3n nos centraremos en la segunda fecha correspondiente al grupo \u201cF\u201d. El juego que nos ata\u00f1e es Argentina-Ir\u00e1n, duelo que se llevar\u00e1 a cabo por primera vez en mundiales de f\u00fatbol en la categor\u00eda m\u00e1xima. C\u00f3rdoba Times te cuenta detalles fundamentales sobre [&hellip;]<\/p>\n","protected":false},"author":20,"featured_media":10492,"comment_status":"open","ping_status":"open","sticky":false,"template":"","format":"standard","meta":{"_seopress_robots_primary_cat":"","_seopress_titles_title":"","_seopress_titles_desc":"","_seopress_robots_index":"","footnotes":""},"categories":[2,18],"tags":[476,2283,2284],"class_list":["post-10490","post","type-post","status-publish","format-standard","has-post-thumbnail","hentry","category-futbol","category-futbol-internacional","tag-brasil-2014","tag-rivales-de-argentina","tag-seleccion-de-iran"],"_links":{"self":[{"href":"https:\/\/www.cordobatimes.com\/deportes\/wp-json\/wp\/v2\/posts\/10490","targetHints":{"allow":["GET"]}}],"collection":[{"href":"https:\/\/www.cordobatimes.com\/deportes\/wp-json\/wp\/v2\/posts"}],"about":[{"href":"https:\/\/www.cordobatimes.com\/deportes\/wp-json\/wp\/v2\/types\/post"}],"author":[{"embeddable":true,"href":"https:\/\/www.cordobatimes.com\/deportes\/wp-json\/wp\/v2\/users\/20"}],"replies":[{"embeddable":true,"href":"https:\/\/www.cordobatimes.com\/deportes\/wp-json\/wp\/v2\/comments?post=10490"}],"version-history":[{"count":0,"href":"https:\/\/www.cordobatimes.com\/deportes\/wp-json\/wp\/v2\/posts\/10490\/revisions"}],"wp:featuredmedia":[{"embeddable":true,"href":"https:\/\/www.cordobatimes.com\/deportes\/wp-json\/wp\/v2\/media\/10492"}],"wp:attachment":[{"href":"https:\/\/www.cordobatimes.com\/deportes\/wp-json\/wp\/v2\/media?parent=10490"}],"wp:term":[{"taxonomy":"category","embeddable":true,"href":"https:\/\/www.cordobatimes.com\/deportes\/wp-json\/wp\/v2\/categories?post=10490"},{"taxonomy":"post_tag","embeddable":true,"href":"https:\/\/www.cordobatimes.com\/deportes\/wp-json\/wp\/v2\/tags?post=10490"}],"curies":[{"name":"wp","href":"https:\/\/api.w.org\/{rel}","templated":true}]}}