{"id":10457,"date":"2014-03-26T12:47:31","date_gmt":"2014-03-26T15:47:31","guid":{"rendered":"http:\/\/www.cordobatimes.com\/deportes\/?p=10457"},"modified":"2014-03-26T12:50:09","modified_gmt":"2014-03-26T15:50:09","slug":"belgrano-zielinski-todavia-no-confirmo-las-variantes","status":"publish","type":"post","link":"https:\/\/www.cordobatimes.com\/deportes\/futbol\/2014\/03\/26\/belgrano-zielinski-todavia-no-confirmo-las-variantes\/","title":{"rendered":"Belgrano: Zielinski todav\u00eda no confirm\u00f3 las variantes"},"content":{"rendered":"<p style=\"text-align: center;\"><a href=\"http:\/\/www.cordobatimes.com\/deportes\/wp-content\/uploads\/2014\/03\/belgranoentrenamiento.jpg\"><img loading=\"lazy\" decoding=\"async\" class=\"size-full wp-image-10474 aligncenter\" alt=\"belgranoentrenamiento\" src=\"http:\/\/www.cordobatimes.com\/deportes\/wp-content\/uploads\/2014\/03\/belgranoentrenamiento.jpg\" width=\"642\" height=\"361\" data-id=\"10474\" srcset=\"https:\/\/www.cordobatimes.com\/deportes\/wp-content\/uploads\/2014\/03\/belgranoentrenamiento.jpg 642w, https:\/\/www.cordobatimes.com\/deportes\/wp-content\/uploads\/2014\/03\/belgranoentrenamiento-300x168.jpg 300w\" sizes=\"auto, (max-width: 642px) 100vw, 642px\" \/><\/a><\/p>\n<h3 style=\"text-align: justify;\"><b>El DT a\u00fan no dio a conocer el equipo que se enfrentara a Argentinos Juniors el viernes a las 21.15 en el Kempes.<\/b><\/h3>\n<p style=\"text-align: justify;\">Ricardo Zielinski busca cortar una sequ\u00eda de 4 encuentros sin victorias (2 empates y 2 derrotas), que hizo que el \u201cPirata\u201d retrocediera varios puestos. As\u00ed, el plantel continua con sus entrenamientos en el predio de Villa Esqui\u00fa buscando llegar de la mejor manera al encuentro frente al \u201cBicho\u201d.<\/p>\n<p style=\"text-align: justify;\">El \u201cruso\u201d deber\u00e1 rearmar el equipo ya que no podr\u00e1 contar con Jorge Vel\u00e1zquez (expulsado frente\u00a0 Racing), ni con Lucas Avelda\u00f1o (llego a la quinta amarilla). As\u00ed, quienes se perfilan para reemplazarlos son: en el mediocampo Zelarrayan o Affranchino (a Vel\u00e1zquez),\u00a0 mientras que en la defensa el uruguayo Rodr\u00edguez ser\u00eda el ingresante (Avelda\u00f1o).<\/p>\n<p style=\"text-align: justify;\">Respecto a las entradas, los socios deber\u00e1n contar con la cuota de marzo paga y tener el Chip cargado para ingresar al Estadio. Dicho tramite pueden realizarlo en el Centro de Socios de 10 a 20 hs o por la p\u00e1gina web. Para los no socios, las localidades se expender\u00e1n jueves y viernes de 10 a 18 hs en el Gigante de Alberdi, mientras que en el Kempes se podr\u00e1n conseguir a partir de las 18. Precios: Gasparini $150 (dama $110 y menor $90) y Ardiles $180 ($140 dama y $120 menor).<\/p>\n","protected":false},"excerpt":{"rendered":"<p>El DT a\u00fan no dio a conocer el equipo que se enfrentara a Argentinos Juniors el viernes a las 21.15 en el Kempes. Ricardo Zielinski busca cortar una sequ\u00eda de 4 encuentros sin victorias (2 empates y 2 derrotas), que hizo que el \u201cPirata\u201d retrocediera varios puestos. As\u00ed, el plantel continua con sus entrenamientos en [&hellip;]<\/p>\n","protected":false},"author":15,"featured_media":10474,"comment_status":"open","ping_status":"open","sticky":false,"template":"","format":"standard","meta":{"_seopress_robots_primary_cat":"","_seopress_titles_title":"","_seopress_titles_desc":"","_seopress_robots_index":"","footnotes":""},"categories":[2,16],"tags":[37,105,2282,550],"class_list":["post-10457","post","type-post","status-publish","format-standard","has-post-thumbnail","hentry","category-futbol","category-primera-division","tag-belgrano","tag-primera-division-2","tag-recuperarse","tag-zielinski"],"_links":{"self":[{"href":"https:\/\/www.cordobatimes.com\/deportes\/wp-json\/wp\/v2\/posts\/10457","targetHints":{"allow":["GET"]}}],"collection":[{"href":"https:\/\/www.cordobatimes.com\/deportes\/wp-json\/wp\/v2\/posts"}],"about":[{"href":"https:\/\/www.cordobatimes.com\/deportes\/wp-json\/wp\/v2\/types\/post"}],"author":[{"embeddable":true,"href":"https:\/\/www.cordobatimes.com\/deportes\/wp-json\/wp\/v2\/users\/15"}],"replies":[{"embeddable":true,"href":"https:\/\/www.cordobatimes.com\/deportes\/wp-json\/wp\/v2\/comments?post=10457"}],"version-history":[{"count":0,"href":"https:\/\/www.cordobatimes.com\/deportes\/wp-json\/wp\/v2\/posts\/10457\/revisions"}],"wp:featuredmedia":[{"embeddable":true,"href":"https:\/\/www.cordobatimes.com\/deportes\/wp-json\/wp\/v2\/media\/10474"}],"wp:attachment":[{"href":"https:\/\/www.cordobatimes.com\/deportes\/wp-json\/wp\/v2\/media?parent=10457"}],"wp:term":[{"taxonomy":"category","embeddable":true,"href":"https:\/\/www.cordobatimes.com\/deportes\/wp-json\/wp\/v2\/categories?post=10457"},{"taxonomy":"post_tag","embeddable":true,"href":"https:\/\/www.cordobatimes.com\/deportes\/wp-json\/wp\/v2\/tags?post=10457"}],"curies":[{"name":"wp","href":"https:\/\/api.w.org\/{rel}","templated":true}]}}