{"id":10437,"date":"2014-03-25T21:03:25","date_gmt":"2014-03-26T00:03:25","guid":{"rendered":"http:\/\/www.cordobatimes.com\/deportes\/?p=10437"},"modified":"2014-03-25T21:03:25","modified_gmt":"2014-03-26T00:03:25","slug":"el-papa-le-dio-un-obsequio-a-del-potro-para-traerle-suerte-en-su-operacion","status":"publish","type":"post","link":"https:\/\/www.cordobatimes.com\/deportes\/tenis\/2014\/03\/25\/el-papa-le-dio-un-obsequio-a-del-potro-para-traerle-suerte-en-su-operacion\/","title":{"rendered":"El Papa le dio un obsequio a Del Potro para traerle suerte en su operaci\u00f3n"},"content":{"rendered":"<h3 style=\"text-align: justify;\"><a href=\"http:\/\/www.cordobatimes.com\/deportes\/wp-content\/uploads\/2014\/03\/del-potro-estampita.jpg\"><img loading=\"lazy\" decoding=\"async\" class=\"aligncenter  wp-image-10438\" alt=\"del potro estampita\" src=\"http:\/\/www.cordobatimes.com\/deportes\/wp-content\/uploads\/2014\/03\/del-potro-estampita.jpg\" width=\"640\" height=\"390\" data-id=\"10438\" \/><\/a><\/h3>\n<h3 style=\"text-align: justify;\"><strong>Francisco le envi\u00f3 al tenista argentino una estampita bendecida para acompa\u00f1ar la cirug\u00eda en su mu\u00f1eca. El tandilense tuvo la imagen sobre su cuerpo durante toda la intervenci\u00f3n.<\/strong><\/h3>\n<p>&nbsp;<\/p>\n<p style=\"text-align: justify;\">El Sumo Pont\u00edfice le mand\u00f3 la foto a Juan Mart\u00edn Del Potro a trav\u00e9s de un emisario para darle &#8220;una bendici\u00f3n apost\u00f3lica a Juan Mart\u00edn y a toda su familia&#8221;, seg\u00fan inform\u00f3 el agente de prensa del tandilense mediante un comunicado.<\/p>\n<p style=\"text-align: justify;\">&#8220;Del Potro pidi\u00f3 ingresar al quir\u00f3fano con la foto durante la operaci\u00f3n realizada por el Dr. Richard Berger y despert\u00f3 de la anestesia con ella en el mismo lugar&#8221;, contin\u00faa el comunicado.<\/p>\n<p style=\"text-align: justify;\">El tenista argentino -que se baj\u00f3 del Masters de Miami- fue operado en Estados Unidos el pasado lunes, por una lesi\u00f3n en la mu\u00f1eca izquierda que lo dejar\u00e1 fuera del circuito hasta el 2015.<\/p>\n","protected":false},"excerpt":{"rendered":"<p>Francisco le envi\u00f3 al tenista argentino una estampita bendecida para acompa\u00f1ar la cirug\u00eda en su mu\u00f1eca. El tandilense tuvo la imagen sobre su cuerpo durante toda la intervenci\u00f3n. &nbsp; El Sumo Pont\u00edfice le mand\u00f3 la foto a Juan Mart\u00edn Del Potro a trav\u00e9s de un emisario para darle &#8220;una bendici\u00f3n apost\u00f3lica a Juan Mart\u00edn y [&hellip;]<\/p>\n","protected":false},"author":10,"featured_media":10438,"comment_status":"open","ping_status":"open","sticky":false,"template":"","format":"standard","meta":{"_seopress_robots_primary_cat":"","_seopress_titles_title":"","_seopress_titles_desc":"","_seopress_robots_index":"","footnotes":""},"categories":[4],"tags":[520,2274,960,5559],"class_list":["post-10437","post","type-post","status-publish","format-standard","has-post-thumbnail","hentry","category-tenis","tag-juan-martin-del-potro","tag-operacion","tag-papa-francisco","tag-tenis"],"_links":{"self":[{"href":"https:\/\/www.cordobatimes.com\/deportes\/wp-json\/wp\/v2\/posts\/10437","targetHints":{"allow":["GET"]}}],"collection":[{"href":"https:\/\/www.cordobatimes.com\/deportes\/wp-json\/wp\/v2\/posts"}],"about":[{"href":"https:\/\/www.cordobatimes.com\/deportes\/wp-json\/wp\/v2\/types\/post"}],"author":[{"embeddable":true,"href":"https:\/\/www.cordobatimes.com\/deportes\/wp-json\/wp\/v2\/users\/10"}],"replies":[{"embeddable":true,"href":"https:\/\/www.cordobatimes.com\/deportes\/wp-json\/wp\/v2\/comments?post=10437"}],"version-history":[{"count":0,"href":"https:\/\/www.cordobatimes.com\/deportes\/wp-json\/wp\/v2\/posts\/10437\/revisions"}],"wp:featuredmedia":[{"embeddable":true,"href":"https:\/\/www.cordobatimes.com\/deportes\/wp-json\/wp\/v2\/media\/10438"}],"wp:attachment":[{"href":"https:\/\/www.cordobatimes.com\/deportes\/wp-json\/wp\/v2\/media?parent=10437"}],"wp:term":[{"taxonomy":"category","embeddable":true,"href":"https:\/\/www.cordobatimes.com\/deportes\/wp-json\/wp\/v2\/categories?post=10437"},{"taxonomy":"post_tag","embeddable":true,"href":"https:\/\/www.cordobatimes.com\/deportes\/wp-json\/wp\/v2\/tags?post=10437"}],"curies":[{"name":"wp","href":"https:\/\/api.w.org\/{rel}","templated":true}]}}