{"id":10410,"date":"2014-03-25T19:26:49","date_gmt":"2014-03-25T22:26:49","guid":{"rendered":"http:\/\/www.cordobatimes.com\/deportes\/?p=10410"},"modified":"2014-03-25T19:45:06","modified_gmt":"2014-03-25T22:45:06","slug":"camino-a-brasil-2014-bosnia-el-primer-rival-de-argentina","status":"publish","type":"post","link":"https:\/\/www.cordobatimes.com\/deportes\/futbol\/2014\/03\/25\/camino-a-brasil-2014-bosnia-el-primer-rival-de-argentina\/","title":{"rendered":"Camino a Brasil 2014: Bosnia, el primer rival de Argentina"},"content":{"rendered":"<h3><strong><a href=\"http:\/\/www.cordobatimes.com\/deportes\/wp-content\/uploads\/2014\/03\/Bosnia.jpg\"><img loading=\"lazy\" decoding=\"async\" class=\"alignnone size-large wp-image-10411\" alt=\"Bosnia\" src=\"http:\/\/www.cordobatimes.com\/deportes\/wp-content\/uploads\/2014\/03\/Bosnia-1024x517.jpg\" width=\"1024\" height=\"517\" data-id=\"10411\" srcset=\"https:\/\/www.cordobatimes.com\/deportes\/wp-content\/uploads\/2014\/03\/Bosnia-1024x517.jpg 1024w, https:\/\/www.cordobatimes.com\/deportes\/wp-content\/uploads\/2014\/03\/Bosnia-300x151.jpg 300w, https:\/\/www.cordobatimes.com\/deportes\/wp-content\/uploads\/2014\/03\/Bosnia.jpg 1246w\" sizes=\"auto, (max-width: 1024px) 100vw, 1024px\" \/><\/a><\/strong><\/h3>\n<h3><strong>Esta semana en C\u00f3rdoba Times repasaremos los equipos contra los que se enfrentar\u00e1 el seleccionado nacional de f\u00fatbol durante el mundial de Brasil 2014. Enterate todo lo que tenes que saber: figuras, t\u00e1ctica, capit\u00e1n. Hoy ser\u00e1 el turno de Bosnia. Pasen y vean.<\/strong><\/h3>\n<p>&nbsp;<\/p>\n<p>Argentina comenzar\u00e1 su camino hacia la gloria en el grupo F, y su primer escollo ser\u00e1 Bosnia, en la m\u00edtica Rio de Janeiro a las 19:00 hrs. Si bien el conjunto europeo no es una potencia (ni mucho menos), cuenta con jugadores claves quienes disputan diferentes ligas, de las m\u00e1s importantes del mundo, como as\u00ed tambi\u00e9n una estrategia aguerrida y al contragolpe, la cual permite estar alerta y expectante al equipo que maneja t\u00e1cticamente Alejandro Sabella.<\/p>\n<p><span style=\"text-decoration: underline;\">Piezas Fundamentales<\/span><\/p>\n<p style=\"text-align: center;\"><a href=\"http:\/\/www.cordobatimes.com\/deportes\/wp-content\/uploads\/2014\/03\/Bosnia-1.jpg\"><img loading=\"lazy\" decoding=\"async\" class=\"size-full wp-image-10412 aligncenter\" alt=\"Bosnia 1\" src=\"http:\/\/www.cordobatimes.com\/deportes\/wp-content\/uploads\/2014\/03\/Bosnia-1.jpg\" width=\"729\" height=\"446\" data-id=\"10412\" srcset=\"https:\/\/www.cordobatimes.com\/deportes\/wp-content\/uploads\/2014\/03\/Bosnia-1.jpg 729w, https:\/\/www.cordobatimes.com\/deportes\/wp-content\/uploads\/2014\/03\/Bosnia-1-300x183.jpg 300w\" sizes=\"auto, (max-width: 729px) 100vw, 729px\" \/><\/a><\/p>\n<p><strong>Edin D\u017eeko<\/strong>: este delantero de 28 a\u00f1os, quien se desempe\u00f1a en el Manchester City ingl\u00e9s,\u00a0 es de lo m\u00e1s atractivo si no el mejor jugador de este seleccionado. Con sus 192 cm de estatura no hace falta aclarar que es un peligro en el \u00e1rea, y que los centros le llover\u00e1n desde ambos carriles de la cancha. Sin embargo su altura no impide que su juego se base solo de cabeza, posee un gran dominio del bal\u00f3n y un remate lo suficientemente fuerte como para quebrar cualquier portero. Su puesto es el de centrodelantero, el antiguo \u201c9\u201d de \u00e1rea, pero suele retroceder algunos metros y pivotear para luego ir a buscarla dentro de los 18 metros.<\/p>\n<p style=\"text-align: center;\"><a href=\"http:\/\/www.cordobatimes.com\/deportes\/wp-content\/uploads\/2014\/03\/Bosnia-3.jpg\"><img loading=\"lazy\" decoding=\"async\" class=\"size-full wp-image-10414 aligncenter\" alt=\"Bosnia 3\" src=\"http:\/\/www.cordobatimes.com\/deportes\/wp-content\/uploads\/2014\/03\/Bosnia-3.jpg\" width=\"748\" height=\"420\" data-id=\"10414\" srcset=\"https:\/\/www.cordobatimes.com\/deportes\/wp-content\/uploads\/2014\/03\/Bosnia-3.jpg 748w, https:\/\/www.cordobatimes.com\/deportes\/wp-content\/uploads\/2014\/03\/Bosnia-3-300x168.jpg 300w\" sizes=\"auto, (max-width: 748px) 100vw, 748px\" \/><\/a><\/p>\n<p><b>Asmir Begovi\u0107: <\/b>un portero fuerte con los pies, reflejos veloces y una altura intimidante (1.96 m.) se desempe\u00f1a desde 2010 en el Stoke City, de la Premier League al igual que su compatriota D\u017eeko. Es muy dif\u00edcil en el mano a mano y su clave est\u00e1 en la seguridad que brinda durante los centros o tiros libres en contra. Su particularidad m\u00e1s llamativa es que disputo 11 partidos con el juvenil de Canad\u00e1 desde 2004 a 2007 (vivi\u00f3 en dicho pa\u00eds durante su adolescencia), y en 2009 fue convocado por primera vez al seleccionado bosnio.<\/p>\n<p><span style=\"text-decoration: underline;\">Capit\u00e1n<\/span><\/p>\n<p style=\"text-align: center;\"><a href=\"http:\/\/www.cordobatimes.com\/deportes\/wp-content\/uploads\/2014\/03\/Bosnia-2.jpg\"><img loading=\"lazy\" decoding=\"async\" class=\"size-full wp-image-10413 aligncenter\" alt=\"Bosnia 2\" src=\"http:\/\/www.cordobatimes.com\/deportes\/wp-content\/uploads\/2014\/03\/Bosnia-2.jpg\" width=\"372\" height=\"528\" data-id=\"10413\" srcset=\"https:\/\/www.cordobatimes.com\/deportes\/wp-content\/uploads\/2014\/03\/Bosnia-2.jpg 372w, https:\/\/www.cordobatimes.com\/deportes\/wp-content\/uploads\/2014\/03\/Bosnia-2-211x300.jpg 211w\" sizes=\"auto, (max-width: 372px) 100vw, 372px\" \/><\/a><\/p>\n<p><b>Emir Spahi\u0107<\/b>: jugador nacido en Croacia, nacionalizado Bosnio. Experimentado zaguero central, que gracias a su dominio de ambos perfiles puede desempe\u00f1arse como tanto como central derecho como izquierdo. Su juego es recio y duro, pero cuenta con clase como para salir jugando y no solo \u201creventar\u201d el bal\u00f3n hacia delante. Actualmente juega en el Bayern Leverkusen alem\u00e1n, quien acaba de quedar eliminado de la Champions League a manos del PSG de Zlatan Ibrahimovic.<\/p>\n","protected":false},"excerpt":{"rendered":"<p>Esta semana en C\u00f3rdoba Times repasaremos los equipos contra los que se enfrentar\u00e1 el seleccionado nacional de f\u00fatbol durante el mundial de Brasil 2014. Enterate todo lo que tenes que saber: figuras, t\u00e1ctica, capit\u00e1n. Hoy ser\u00e1 el turno de Bosnia. Pasen y vean. &nbsp; Argentina comenzar\u00e1 su camino hacia la gloria en el grupo F, [&hellip;]<\/p>\n","protected":false},"author":20,"featured_media":10411,"comment_status":"open","ping_status":"open","sticky":false,"template":"","format":"standard","meta":{"_seopress_robots_primary_cat":"","_seopress_titles_title":"","_seopress_titles_desc":"","_seopress_robots_index":"","footnotes":""},"categories":[2,22],"tags":[476,2273,2272,2271],"class_list":["post-10410","post","type-post","status-publish","format-standard","has-post-thumbnail","hentry","category-futbol","category-mundial-brasil-2014","tag-brasil-2014","tag-edin-dzeko","tag-rivales-de-argentina-en-el-mundial-2014","tag-seleccion-de-bosnia"],"_links":{"self":[{"href":"https:\/\/www.cordobatimes.com\/deportes\/wp-json\/wp\/v2\/posts\/10410","targetHints":{"allow":["GET"]}}],"collection":[{"href":"https:\/\/www.cordobatimes.com\/deportes\/wp-json\/wp\/v2\/posts"}],"about":[{"href":"https:\/\/www.cordobatimes.com\/deportes\/wp-json\/wp\/v2\/types\/post"}],"author":[{"embeddable":true,"href":"https:\/\/www.cordobatimes.com\/deportes\/wp-json\/wp\/v2\/users\/20"}],"replies":[{"embeddable":true,"href":"https:\/\/www.cordobatimes.com\/deportes\/wp-json\/wp\/v2\/comments?post=10410"}],"version-history":[{"count":0,"href":"https:\/\/www.cordobatimes.com\/deportes\/wp-json\/wp\/v2\/posts\/10410\/revisions"}],"wp:featuredmedia":[{"embeddable":true,"href":"https:\/\/www.cordobatimes.com\/deportes\/wp-json\/wp\/v2\/media\/10411"}],"wp:attachment":[{"href":"https:\/\/www.cordobatimes.com\/deportes\/wp-json\/wp\/v2\/media?parent=10410"}],"wp:term":[{"taxonomy":"category","embeddable":true,"href":"https:\/\/www.cordobatimes.com\/deportes\/wp-json\/wp\/v2\/categories?post=10410"},{"taxonomy":"post_tag","embeddable":true,"href":"https:\/\/www.cordobatimes.com\/deportes\/wp-json\/wp\/v2\/tags?post=10410"}],"curies":[{"name":"wp","href":"https:\/\/api.w.org\/{rel}","templated":true}]}}