{"id":10406,"date":"2014-03-25T19:15:19","date_gmt":"2014-03-25T22:15:19","guid":{"rendered":"http:\/\/www.cordobatimes.com\/deportes\/?p=10406"},"modified":"2014-03-25T19:15:19","modified_gmt":"2014-03-25T22:15:19","slug":"bayern-munich-nuevamente-campeon","status":"publish","type":"post","link":"https:\/\/www.cordobatimes.com\/deportes\/futbol\/2014\/03\/25\/bayern-munich-nuevamente-campeon\/","title":{"rendered":"Bayern Munich nuevamente campe\u00f3n"},"content":{"rendered":"<h3 style=\"text-align: justify;\"><a href=\"http:\/\/www.cordobatimes.com\/deportes\/wp-content\/uploads\/2014\/03\/bayern-munich.jpg\"><img loading=\"lazy\" decoding=\"async\" class=\"aligncenter size-full wp-image-10407\" alt=\"bayern munich\" src=\"http:\/\/www.cordobatimes.com\/deportes\/wp-content\/uploads\/2014\/03\/bayern-munich.jpg\" width=\"770\" height=\"434\" data-id=\"10407\" srcset=\"https:\/\/www.cordobatimes.com\/deportes\/wp-content\/uploads\/2014\/03\/bayern-munich.jpg 770w, https:\/\/www.cordobatimes.com\/deportes\/wp-content\/uploads\/2014\/03\/bayern-munich-300x169.jpg 300w\" sizes=\"auto, (max-width: 770px) 100vw, 770px\" \/><\/a><\/h3>\n<h3 style=\"text-align: justify;\"><strong>El conjunto de Pep Guardiola\u00a0venci\u00f3 a Hertha Berl\u00edn por 3-1 y se qued\u00f3 con la Bundesliga. De esta forma, el t\u00e9cnico espa\u00f1ol sum\u00f3\u00a0su tercer t\u00edtulo al frente del equipo alem\u00e1n (<b>Mundial de Clubes\u00a0<\/b>y <b>Supercopa de Europa)<\/b>.<\/strong><\/h3>\n<p>&nbsp;<\/p>\n<p style=\"text-align: justify;\">El camino hacia el t\u00edtulo lleg\u00f3 a su fin cuando el Bayern Munich visit\u00f3 al Hertha Berl\u00edn.\u00a0A siete fechas\u00a0del cierre de la\u00a0Bundesliga, el conjunto de\u00a0Josep Guardiola\u00a0coron\u00f3 una temporada fabulosa, en la que no tuvo adversario del mismo nivel.<\/p>\n<p style=\"text-align: justify;\">S\u00f3lo bastaron\u00a0seis minutos\u00a0para que los de &#8220;Pep&#8221; se pongan en ventaja, mediante un gran disparo de\u00a0Toni Kroos. Tras una punzante proyecci\u00f3n de\u00a0Thomas Muller, el atacante aprovech\u00f3 un flojo despeje defensivo y anot\u00f3 el\u00a01 a 0.<\/p>\n<p style=\"text-align: justify;\">Antes de que se cumpla el primer cuarto de hora, los &#8220;b\u00e1varos&#8221; estiraron la ventaja. El dominio absoluto de la visita se reflejaba perfectamente en el marcador. Una intervenci\u00f3n de\u00a0Mario G\u00f6tze\u00a0fue elemental para asegurar una prematura victoria.<\/p>\n<p style=\"text-align: justify;\">Sin embargo, en el complemento el Bayern Munich no consigui\u00f3 liquidar el pleito.\u00a0Desde los doce pasos Gustavo Ramos anot\u00f3 el descuento. Con el\u00a02 a 1\u00a0impuesto por el colombiano el espect\u00e1culo tuvo una carga emotiva m\u00e1s perceptible.<\/p>\n<p style=\"text-align: justify;\">El golpe recibido hizo reaccionar a los &#8220;b\u00e1varos&#8221;. La escasa diferencia llev\u00f3 a conectar nuevamente el circuito ofensivo como lo acostumbra hacer la potencia europea. Los pases cortos entre\u00a0Ribery,\u00a0Robben\u00a0y\u00a0G\u00f6tze\u00a0fueron suficientes para que el franc\u00e9s sentencie el\u00a03 a 1.<\/p>\n<p style=\"text-align: justify;\">Con el triunfo, los de\u00a0Guardiola\u00a0rompieron un nuevo r\u00e9cord al alcanzar su\u00a0d\u00e9cima victoria consecutiva en condici\u00f3n de visitante.\u00a0Con los laureles del t\u00edtulo, los comandados por el catal\u00e1n\u00a0\u00a0intentar\u00e1n culminar la\u00a0Bundesliga\u00a0de manera invicta, una haza\u00f1a que todav\u00eda est\u00e1 pendiente.<\/p>\n<p style=\"text-align: justify;\"><strong>Los n\u00fameros de Bayern Munich en Bundesliga<\/strong><\/p>\n<p style=\"text-align: justify;\"><strong><\/strong><strong>4 \u2013<\/strong>\u00a0Los puntos que ha perdido el Bayern esta temporada en la Bundesliga. Fue en los empates ante Friburgo y Bayer Leverkusen.<\/p>\n<p style=\"text-align: justify;\"><strong>5 \u2013<\/strong>\u00a0Los t\u00edtulos conquistados por Jupp Heynckes y Guardiola durante el transcurso de la temporada pasada. Bundesliga, Copa Alemana, Champions League, Supercopa de Europa y Mundial de Clubes.<\/p>\n<p style=\"text-align: justify;\"><strong>19 \u2013<\/strong>\u00a0Su \u00faltima victoria por 3-1 ante Hertha Berl\u00edn fue la 19 consecutiva. El r\u00e9cord anterior: 14 encuentros seguidos.<\/p>\n<p style=\"text-align: justify;\"><strong>23 \u2013<\/strong>\u00a0La ventaja en puntos sobre el segundo clasificado; el Bayern se proclam\u00f3 como el campe\u00f3n m\u00e1s tempranero del campeonato alem\u00e1n, batiendo de esta forma el r\u00e9cord del a\u00f1o pasado.<\/p>\n<p style=\"text-align: justify;\"><em id=\"__mceDel\"><em id=\"__mceDel\"><em id=\"__mceDel\"><em id=\"__mceDel\"><em id=\"__mceDel\"><em id=\"__mceDel\"><\/em><\/em><\/em><\/em><\/em><\/em><strong>47 \u2013<\/strong>\u00a0Puntos con los que se proclamaron campeones de mitad de temporada. El anterior r\u00e9cord estaba en 42 puntos.<\/p>\n<p style=\"text-align: justify;\"><strong>51 \u2013<\/strong>\u00a0Partidos que llevan sin perder los b\u00e1varos en Bundesliga. La \u00faltima derrota es con fecha de octubre de 2012. Est\u00e1n a siete triunfos de igualar el r\u00e9cord europeo, el cual est\u00e1 en manos de Milan (58)<\/p>\n<p style=\"text-align: justify;\"><strong>79 \u2013<\/strong>\u00a0N\u00fameros de goles marcados en Bundesliga esta temporada. Busca romper el r\u00e9cord de 101 tantos.<\/p>\n<p style=\"text-align: justify;\"><strong>87.18% &#8211;<\/strong>\u00a0Porcentaje de victorias en la temporada.<\/p>\n<p style=\"text-align: justify;\"><strong>123 \u2013<\/strong>\u00a0De los \u00faltimos 129 puntos en juego en la Bundesliga, los de Guardiola consiguieron 123.<\/p>\n<p style=\"text-align: justify;\">Mir\u00e1 los goles<\/p>\n<p><iframe loading=\"lazy\" src=\"\/\/www.youtube.com\/embed\/Oe7GEckgWa0\" height=\"315\" width=\"560\" allowfullscreen=\"\" frameborder=\"0\"><\/iframe><\/p>\n<p style=\"text-align: justify;\">Fuente: PlayFutbol<\/p>\n","protected":false},"excerpt":{"rendered":"<p>El conjunto de Pep Guardiola\u00a0venci\u00f3 a Hertha Berl\u00edn por 3-1 y se qued\u00f3 con la Bundesliga. De esta forma, el t\u00e9cnico espa\u00f1ol sum\u00f3\u00a0su tercer t\u00edtulo al frente del equipo alem\u00e1n (Mundial de Clubes\u00a0y Supercopa de Europa). &nbsp; El camino hacia el t\u00edtulo lleg\u00f3 a su fin cuando el Bayern Munich visit\u00f3 al Hertha Berl\u00edn.\u00a0A siete [&hellip;]<\/p>\n","protected":false},"author":10,"featured_media":10407,"comment_status":"open","ping_status":"open","sticky":false,"template":"","format":"standard","meta":{"_seopress_robots_primary_cat":"","_seopress_titles_title":"","_seopress_titles_desc":"","_seopress_robots_index":"","footnotes":""},"categories":[2,18],"tags":[418,907,807,2270],"class_list":["post-10406","post","type-post","status-publish","format-standard","has-post-thumbnail","hentry","category-futbol","category-futbol-internacional","tag-alemania","tag-bayern-munich","tag-bundesliga","tag-pep-guardiola"],"_links":{"self":[{"href":"https:\/\/www.cordobatimes.com\/deportes\/wp-json\/wp\/v2\/posts\/10406","targetHints":{"allow":["GET"]}}],"collection":[{"href":"https:\/\/www.cordobatimes.com\/deportes\/wp-json\/wp\/v2\/posts"}],"about":[{"href":"https:\/\/www.cordobatimes.com\/deportes\/wp-json\/wp\/v2\/types\/post"}],"author":[{"embeddable":true,"href":"https:\/\/www.cordobatimes.com\/deportes\/wp-json\/wp\/v2\/users\/10"}],"replies":[{"embeddable":true,"href":"https:\/\/www.cordobatimes.com\/deportes\/wp-json\/wp\/v2\/comments?post=10406"}],"version-history":[{"count":0,"href":"https:\/\/www.cordobatimes.com\/deportes\/wp-json\/wp\/v2\/posts\/10406\/revisions"}],"wp:featuredmedia":[{"embeddable":true,"href":"https:\/\/www.cordobatimes.com\/deportes\/wp-json\/wp\/v2\/media\/10407"}],"wp:attachment":[{"href":"https:\/\/www.cordobatimes.com\/deportes\/wp-json\/wp\/v2\/media?parent=10406"}],"wp:term":[{"taxonomy":"category","embeddable":true,"href":"https:\/\/www.cordobatimes.com\/deportes\/wp-json\/wp\/v2\/categories?post=10406"},{"taxonomy":"post_tag","embeddable":true,"href":"https:\/\/www.cordobatimes.com\/deportes\/wp-json\/wp\/v2\/tags?post=10406"}],"curies":[{"name":"wp","href":"https:\/\/api.w.org\/{rel}","templated":true}]}}