{"id":10397,"date":"2014-03-23T14:03:36","date_gmt":"2014-03-23T17:03:36","guid":{"rendered":"http:\/\/www.cordobatimes.com\/deportes\/?p=10397"},"modified":"2014-03-26T13:37:58","modified_gmt":"2014-03-26T16:37:58","slug":"se-presento-en-nuevo-corolla-de-super-tc2000","status":"publish","type":"post","link":"https:\/\/www.cordobatimes.com\/deportes\/automovilismo\/2014\/03\/23\/se-presento-en-nuevo-corolla-de-super-tc2000\/","title":{"rendered":"Se present\u00f3 el nuevo Corolla de Super TC2000"},"content":{"rendered":"<h3 style=\"text-align: justify;\"><a href=\"http:\/\/www.cordobatimes.com\/deportes\/wp-content\/uploads\/2014\/03\/Corolla.jpg\"><img loading=\"lazy\" decoding=\"async\" class=\"size-full wp-image-10398 aligncenter\" alt=\"Corolla\" src=\"http:\/\/www.cordobatimes.com\/deportes\/wp-content\/uploads\/2014\/03\/Corolla.jpg\" width=\"640\" height=\"426\" data-id=\"10398\" srcset=\"https:\/\/www.cordobatimes.com\/deportes\/wp-content\/uploads\/2014\/03\/Corolla.jpg 640w, https:\/\/www.cordobatimes.com\/deportes\/wp-content\/uploads\/2014\/03\/Corolla-300x199.jpg 300w\" sizes=\"auto, (max-width: 640px) 100vw, 640px\" \/><\/a><\/h3>\n<h3 style=\"text-align: justify;\">Toyota Argentina y el Equipo Toyota Team Argentina develaron en la ma\u00f1ana del domingo en el Aut\u00f3dromo de la Ciudad de Rafaela el Nuevo Toyota Corolla de S\u00faper TC2000, la novedosa versi\u00f3n de competici\u00f3n del autom\u00f3vil m\u00e1s vendido del mundo, que llegar\u00e1 a las pistas de Argentina a mediados de este 2014.<\/h3>\n<p>&nbsp;<\/p>\n<p style=\"text-align: justify;\">El acto, en el cual se descubri\u00f3 a la quinta generaci\u00f3n de Corolla que llega al automovilismo argentino, cont\u00f3 con la presencia del Presidente de Toyota Argentina, Daniel Herrero; el Presidente del Equipo TTA, Dar\u00edo Ramonda; el presidente del S\u00faper TC2000, Pablo Pe\u00f3n y los pilotos del Toyota Team Argentina, quienes ser\u00e1n los encargados de conducirlo en la pista.<\/p>\n<p style=\"text-align: justify;\">La nueva unidad de carrera fue desarrollada en la sede del Equipo Toyota Team Argentina por el Departamento T\u00e9cnico del TTA, que trabaja actualmente en la construcci\u00f3n de cuatro Corolla de la nueva generaci\u00f3n. El plan de trabajo prev\u00e9 el debut de los cuatro Nuevo Corolla en la sexta fecha del a\u00f1o, los 200 Kil\u00f3metros de Buenos Aires, y a partir de entonces reemplazar\u00e1n a los actuales Corolla en el S\u00faper TC2000.<\/p>\n<p style=\"text-align: justify;\">La presentaci\u00f3n realizada hoy tiene un valor muy especial para el Equipo Toyota Team Argentina, ya que es la primera vez que un modelo nuevo se presenta en su versi\u00f3n de carrera antes de su lanzamiento comercial en el pa\u00eds, demostrando de esta forma el compromiso y la permanente b\u00fasqueda de la excelencia por parte de Toyota Argentina y el TTA dentro del S\u00faper TC2000.<\/p>\n<p style=\"text-align: justify;\">Prensa: STC2000<\/p>\n","protected":false},"excerpt":{"rendered":"<p>Toyota Argentina y el Equipo Toyota Team Argentina develaron en la ma\u00f1ana del domingo en el Aut\u00f3dromo de la Ciudad de Rafaela el Nuevo Toyota Corolla de S\u00faper TC2000, la novedosa versi\u00f3n de competici\u00f3n del autom\u00f3vil m\u00e1s vendido del mundo, que llegar\u00e1 a las pistas de Argentina a mediados de este 2014. &nbsp; El acto, [&hellip;]<\/p>\n","protected":false},"author":6,"featured_media":10398,"comment_status":"open","ping_status":"open","sticky":false,"template":"","format":"standard","meta":{"_seopress_robots_primary_cat":"","_seopress_titles_title":"","_seopress_titles_desc":"","_seopress_robots_index":"","footnotes":""},"categories":[1,10],"tags":[2268,2269],"class_list":["post-10397","post","type-post","status-publish","format-standard","has-post-thumbnail","hentry","category-automovilismo","category-super-tc-2000","tag-nuevo-corolla","tag-toyota-corolla-2014"],"_links":{"self":[{"href":"https:\/\/www.cordobatimes.com\/deportes\/wp-json\/wp\/v2\/posts\/10397","targetHints":{"allow":["GET"]}}],"collection":[{"href":"https:\/\/www.cordobatimes.com\/deportes\/wp-json\/wp\/v2\/posts"}],"about":[{"href":"https:\/\/www.cordobatimes.com\/deportes\/wp-json\/wp\/v2\/types\/post"}],"author":[{"embeddable":true,"href":"https:\/\/www.cordobatimes.com\/deportes\/wp-json\/wp\/v2\/users\/6"}],"replies":[{"embeddable":true,"href":"https:\/\/www.cordobatimes.com\/deportes\/wp-json\/wp\/v2\/comments?post=10397"}],"version-history":[{"count":0,"href":"https:\/\/www.cordobatimes.com\/deportes\/wp-json\/wp\/v2\/posts\/10397\/revisions"}],"wp:featuredmedia":[{"embeddable":true,"href":"https:\/\/www.cordobatimes.com\/deportes\/wp-json\/wp\/v2\/media\/10398"}],"wp:attachment":[{"href":"https:\/\/www.cordobatimes.com\/deportes\/wp-json\/wp\/v2\/media?parent=10397"}],"wp:term":[{"taxonomy":"category","embeddable":true,"href":"https:\/\/www.cordobatimes.com\/deportes\/wp-json\/wp\/v2\/categories?post=10397"},{"taxonomy":"post_tag","embeddable":true,"href":"https:\/\/www.cordobatimes.com\/deportes\/wp-json\/wp\/v2\/tags?post=10397"}],"curies":[{"name":"wp","href":"https:\/\/api.w.org\/{rel}","templated":true}]}}