{"id":10167,"date":"2014-03-22T23:15:41","date_gmt":"2014-03-23T02:15:41","guid":{"rendered":"http:\/\/www.cordobatimes.com\/deportes\/?p=10167"},"modified":"2014-03-22T23:15:41","modified_gmt":"2014-03-23T02:15:41","slug":"central-gano-gracias-a-un-abreu-encendido","status":"publish","type":"post","link":"https:\/\/www.cordobatimes.com\/deportes\/futbol\/2014\/03\/22\/central-gano-gracias-a-un-abreu-encendido\/","title":{"rendered":"Central gan\u00f3 gracias a un Abreu encendido"},"content":{"rendered":"<h3><strong><a href=\"http:\/\/www.cordobatimes.com\/deportes\/wp-content\/uploads\/2014\/03\/Abreu.jpg\"><img loading=\"lazy\" decoding=\"async\" class=\"alignnone size-full wp-image-10168\" alt=\"Abreu\" src=\"http:\/\/www.cordobatimes.com\/deportes\/wp-content\/uploads\/2014\/03\/Abreu.jpg\" width=\"770\" height=\"433\" data-id=\"10168\" srcset=\"https:\/\/www.cordobatimes.com\/deportes\/wp-content\/uploads\/2014\/03\/Abreu.jpg 770w, https:\/\/www.cordobatimes.com\/deportes\/wp-content\/uploads\/2014\/03\/Abreu-300x168.jpg 300w\" sizes=\"auto, (max-width: 770px) 100vw, 770px\" \/><\/a><\/strong><\/h3>\n<h3><strong>El delantero uruguayo anot\u00f3 el primer gol, de penal, y fue de lo mejor en el Canalla, que derrot\u00f3 2-0 a All Boys en Rosario. El tanto restante lo anot\u00f3 Acu\u00f1a.<\/strong><\/h3>\n<p>&nbsp;<\/p>\n<p>A los 35` del primer tiempo, Nicol\u00e1s Cambiasso cometi\u00f3 penal, vio la roja y dej\u00f3 a los de Floresta con un hombre menos. Instantes despu\u00e9s ingres\u00f3 al arco Bernardo Leyenda, que no jugaba desde el 2012. Sebasti\u00e1n Abreu no lo perdon\u00f3 y cambi\u00f3 la pena m\u00e1xima por gol, marcando el 1-0.<\/p>\n<p>Ya en el complemento, a los 12`, Walter Acu\u00f1a lleg\u00f3 al \u00e1rea rival y puso el 2-0 que terminar\u00eda siendo definitivo. De esta forma, los de Miguel Russo cortaron una racha de cinco sin victorias,venci\u00f3 a un rival directo por la permanencia y festej\u00f3 ante su pueblo, que llen\u00f3 como siempre el Gigante de Arroyito.<\/p>\n<p><strong>FORMACIONES<\/strong><\/p>\n<p><b>Rosario Central<\/b>: Mauricio Caranta; Paulo Ferrari, Tom\u00e1s Berra, Alejandro Donatti, Rafael Delgado; Hern\u00e1n Encina, Nery Dom\u00ednguez, Jes\u00fas M\u00e9ndez; Federico Carrizo; Walter Acu\u00f1a y Sebasti\u00e1n Abreu.\u00a0<b>DT<\/b>: Miguel \u00c1ngel Russo.<\/p>\n<div><b>All Boys<\/b>: Nicol\u00e1s Cambiasso; Santiago Ladino, Carlos Casteglione, Maximiliano Pellegrino, Marcelo Bustamante; Oscar Ahumada, Roberto Batti\u00f3n; Nicol\u00e1s Cabrera, Gonzalo Espinoza; Agust\u00edn Torassa y Jonathan Calleri.\u00a0<b>DT<\/b>: Ricardo Rodr\u00edguez.<\/div>\n<div><\/div>\n<div>Foto: INFOBAE<\/div>\n","protected":false},"excerpt":{"rendered":"<p>El delantero uruguayo anot\u00f3 el primer gol, de penal, y fue de lo mejor en el Canalla, que derrot\u00f3 2-0 a All Boys en Rosario. El tanto restante lo anot\u00f3 Acu\u00f1a. &nbsp; A los 35` del primer tiempo, Nicol\u00e1s Cambiasso cometi\u00f3 penal, vio la roja y dej\u00f3 a los de Floresta con un hombre menos. [&hellip;]<\/p>\n","protected":false},"author":2,"featured_media":10168,"comment_status":"open","ping_status":"open","sticky":false,"template":"","format":"standard","meta":{"_seopress_robots_primary_cat":"","_seopress_titles_title":"","_seopress_titles_desc":"","_seopress_robots_index":"","footnotes":""},"categories":[2,16],"tags":[2223,2224,274,2225],"class_list":["post-10167","post","type-post","status-publish","format-standard","has-post-thumbnail","hentry","category-futbol","category-primera-division","tag-abreu","tag-gol-de-penal","tag-rosario-central","tag-torneo-final-argentina"],"_links":{"self":[{"href":"https:\/\/www.cordobatimes.com\/deportes\/wp-json\/wp\/v2\/posts\/10167","targetHints":{"allow":["GET"]}}],"collection":[{"href":"https:\/\/www.cordobatimes.com\/deportes\/wp-json\/wp\/v2\/posts"}],"about":[{"href":"https:\/\/www.cordobatimes.com\/deportes\/wp-json\/wp\/v2\/types\/post"}],"author":[{"embeddable":true,"href":"https:\/\/www.cordobatimes.com\/deportes\/wp-json\/wp\/v2\/users\/2"}],"replies":[{"embeddable":true,"href":"https:\/\/www.cordobatimes.com\/deportes\/wp-json\/wp\/v2\/comments?post=10167"}],"version-history":[{"count":0,"href":"https:\/\/www.cordobatimes.com\/deportes\/wp-json\/wp\/v2\/posts\/10167\/revisions"}],"wp:featuredmedia":[{"embeddable":true,"href":"https:\/\/www.cordobatimes.com\/deportes\/wp-json\/wp\/v2\/media\/10168"}],"wp:attachment":[{"href":"https:\/\/www.cordobatimes.com\/deportes\/wp-json\/wp\/v2\/media?parent=10167"}],"wp:term":[{"taxonomy":"category","embeddable":true,"href":"https:\/\/www.cordobatimes.com\/deportes\/wp-json\/wp\/v2\/categories?post=10167"},{"taxonomy":"post_tag","embeddable":true,"href":"https:\/\/www.cordobatimes.com\/deportes\/wp-json\/wp\/v2\/tags?post=10167"}],"curies":[{"name":"wp","href":"https:\/\/api.w.org\/{rel}","templated":true}]}}