{"id":10164,"date":"2014-03-22T23:05:26","date_gmt":"2014-03-23T02:05:26","guid":{"rendered":"http:\/\/www.cordobatimes.com\/deportes\/?p=10164"},"modified":"2014-03-22T23:05:26","modified_gmt":"2014-03-23T02:05:26","slug":"super-tc2000-canapino-se-quedo-con-la-pole-en-rafaela","status":"publish","type":"post","link":"https:\/\/www.cordobatimes.com\/deportes\/automovilismo\/2014\/03\/22\/super-tc2000-canapino-se-quedo-con-la-pole-en-rafaela\/","title":{"rendered":"Super TC2000: Canapino se qued\u00f3 con la pole en Rafaela"},"content":{"rendered":"<h3><strong><a href=\"http:\/\/www.cordobatimes.com\/deportes\/wp-content\/uploads\/2014\/03\/canapino1.jpg\"><img loading=\"lazy\" decoding=\"async\" class=\"alignnone size-full wp-image-10165\" alt=\"canapino\" src=\"http:\/\/www.cordobatimes.com\/deportes\/wp-content\/uploads\/2014\/03\/canapino1.jpg\" width=\"300\" height=\"200\" data-id=\"10165\" \/><\/a><\/strong><\/h3>\n<h3><strong>El oriundo de Arrecifes, a bordo de su Peugeot, marc\u00f3 el mejor tiempo en la primera prueba del a\u00f1o de la categor\u00eda. Girolami y Rossi completaron el podio.<\/strong><\/h3>\n<p>&nbsp;<\/p>\n<p style=\"text-align: justify;\">Agust\u00edn Canapino (Peugeot LoJack Team) logr\u00f3 la pole position en la primera fecha del Campeonato Argentino de S\u00faper TC2000, que se disputa en el Aut\u00f3dromo Ciudad de Rafaela. N\u00e9stor Girolami, tambi\u00e9n con Peugeot fue segundo y Mat\u00edas Rossi (Toyota) result\u00f3 tercero.<\/p>\n<p style=\"text-align: justify;\">Agust\u00edn Canapino es due\u00f1o de un talento innegable por todos los logros que cosech\u00f3 con sus cortos 24 a\u00f1os (naci\u00f3 el 19 de enero de 1990). Y tambi\u00e9n es due\u00f1o de uno de los pases del a\u00f1o en el S\u00faper TC2000 porque para esta temporada dej\u00f3 el equipo YPF-Chevrolet para pasar al Peugeot LoJack Team.<\/p>\n<p style=\"text-align: justify;\">Y ya en la primera fecha del Campeonato Argentino de S\u00faper TC2000, en el Aut\u00f3dromo Ciudad de Rafaela, entreg\u00f3 una enorme alegr\u00eda: aceler\u00f3 el Peugeot 408 y logr\u00f3 la pole para sumar el primer punto de la temporada para \u00e9l y su escuder\u00eda. Adem\u00e1s se anot\u00f3 la s\u00e9ptima pole en su historial (la \u00faltima hab\u00eda sido el 10 de noviembre de 2013 en Mendoza) e igual\u00f3 a Gabriel Furl\u00e1n.<\/p>\n<p style=\"text-align: justify;\">N\u00e9stor Girolami se ubic\u00f3 segundo y aument\u00f3 a\u00fan m\u00e1s la alegr\u00eda del Le\u00f3n. Despu\u00e9s de quebrar el r\u00e9cord del circuito con chicanas, qued\u00f3 a 0,177\/1000 de su compa\u00f1ero de equipo.<\/p>\n<p style=\"text-align: justify;\">El campe\u00f3n Mat\u00edas Rossi se clasific\u00f3 tercero con el Corolla del Toyota Team Argentina y volvi\u00f3 a demostrar que su auto tiene un gran potencia, ya que no se baj\u00f3 de las primeras tres posiciones en ninguna salida a pista.<\/p>\n<p style=\"text-align: justify;\">M\u00e1s all\u00e1 de la pole, ma\u00f1ana comenzar\u00e1 a regirse el sistema de h\u00e1ndicap y por esa raz\u00f3n Mat\u00edas Mu\u00f1oz Marchesi (YPF-Chevrolet), quien finaliz\u00f3 cuarto en la clasificaci\u00f3n, largar\u00e1 desde la cuerda en la primera serie, seguido por Girolami.<br \/>\nEn tanto, Esteban Guerrieri (Toyota Team Argentina) parte desde la mejor posici\u00f3n en la segunda serie y tendr\u00e1 a su lado a Franco Vivian (YPF-Chevrolet).<\/p>\n<p>As\u00ed qued\u00f3 la clasificaci\u00f3n:<br \/>\n1 CANAPINO AGUSTIN 408 1;16,024<br \/>\n2 GIROLAMI NESTOR 408 0,177<br \/>\n3 ROSSI MATIAS COROLLA 0,435<br \/>\n4 MUNOZ MARCHESI MATIAS CRUZE 0,491<br \/>\n5 WERNER MARIANO LINEA 0,523<br \/>\n6 GUERRIERI ESTEBAN COROLLA 0,585<br \/>\n7 VIVIAN FRANCO CRUZE 0,632<br \/>\n8 PERNIA LEONEL FLUENCE 0,74<br \/>\n9 SANTERO JULIAN 408 1,325<br \/>\n10 LLAVER BERNARDO COROLLA 2,605<\/p>\n<p style=\"text-align: justify;\">Fuente: Carburando<\/p>\n","protected":false},"excerpt":{"rendered":"<p>El oriundo de Arrecifes, a bordo de su Peugeot, marc\u00f3 el mejor tiempo en la primera prueba del a\u00f1o de la categor\u00eda. Girolami y Rossi completaron el podio. &nbsp; Agust\u00edn Canapino (Peugeot LoJack Team) logr\u00f3 la pole position en la primera fecha del Campeonato Argentino de S\u00faper TC2000, que se disputa en el Aut\u00f3dromo Ciudad [&hellip;]<\/p>\n","protected":false},"author":2,"featured_media":10165,"comment_status":"open","ping_status":"open","sticky":false,"template":"","format":"standard","meta":{"_seopress_robots_primary_cat":"","_seopress_titles_title":"","_seopress_titles_desc":"","_seopress_robots_index":"","footnotes":""},"categories":[1,10],"tags":[522,469,1884,2222,275,521],"class_list":["post-10164","post","type-post","status-publish","format-standard","has-post-thumbnail","hentry","category-automovilismo","category-super-tc-2000","tag-agustin-canapino","tag-matias-rossi","tag-nestor-girolami","tag-peugeot","tag-rafaela","tag-super-tc2000"],"_links":{"self":[{"href":"https:\/\/www.cordobatimes.com\/deportes\/wp-json\/wp\/v2\/posts\/10164","targetHints":{"allow":["GET"]}}],"collection":[{"href":"https:\/\/www.cordobatimes.com\/deportes\/wp-json\/wp\/v2\/posts"}],"about":[{"href":"https:\/\/www.cordobatimes.com\/deportes\/wp-json\/wp\/v2\/types\/post"}],"author":[{"embeddable":true,"href":"https:\/\/www.cordobatimes.com\/deportes\/wp-json\/wp\/v2\/users\/2"}],"replies":[{"embeddable":true,"href":"https:\/\/www.cordobatimes.com\/deportes\/wp-json\/wp\/v2\/comments?post=10164"}],"version-history":[{"count":0,"href":"https:\/\/www.cordobatimes.com\/deportes\/wp-json\/wp\/v2\/posts\/10164\/revisions"}],"wp:featuredmedia":[{"embeddable":true,"href":"https:\/\/www.cordobatimes.com\/deportes\/wp-json\/wp\/v2\/media\/10165"}],"wp:attachment":[{"href":"https:\/\/www.cordobatimes.com\/deportes\/wp-json\/wp\/v2\/media?parent=10164"}],"wp:term":[{"taxonomy":"category","embeddable":true,"href":"https:\/\/www.cordobatimes.com\/deportes\/wp-json\/wp\/v2\/categories?post=10164"},{"taxonomy":"post_tag","embeddable":true,"href":"https:\/\/www.cordobatimes.com\/deportes\/wp-json\/wp\/v2\/tags?post=10164"}],"curies":[{"name":"wp","href":"https:\/\/api.w.org\/{rel}","templated":true}]}}