{"id":10121,"date":"2014-03-22T10:57:36","date_gmt":"2014-03-22T13:57:36","guid":{"rendered":"http:\/\/www.cordobatimes.com\/deportes\/?p=10121"},"modified":"2014-03-22T19:22:47","modified_gmt":"2014-03-22T22:22:47","slug":"belgrano-visita-a-un-racing-en-crisis","status":"publish","type":"post","link":"https:\/\/www.cordobatimes.com\/deportes\/futbol\/2014\/03\/22\/belgrano-visita-a-un-racing-en-crisis\/","title":{"rendered":"Belgrano perdi\u00f3 en su visita a Racing"},"content":{"rendered":"<p style=\"text-align: center;\"><b><a href=\"http:\/\/www.cordobatimes.com\/deportes\/wp-content\/uploads\/2014\/03\/Belgrano3.jpg\"><img loading=\"lazy\" decoding=\"async\" class=\"size-full wp-image-10156 aligncenter\" alt=\"Belgrano\" src=\"http:\/\/www.cordobatimes.com\/deportes\/wp-content\/uploads\/2014\/03\/Belgrano3.jpg\" width=\"600\" height=\"450\" data-id=\"10156\" srcset=\"https:\/\/www.cordobatimes.com\/deportes\/wp-content\/uploads\/2014\/03\/Belgrano3.jpg 600w, https:\/\/www.cordobatimes.com\/deportes\/wp-content\/uploads\/2014\/03\/Belgrano3-300x225.jpg 300w\" sizes=\"auto, (max-width: 600px) 100vw, 600px\" \/><\/a><\/b><\/p>\n<p><b>Los de Ricardo Zielinski no pudieron aprovechar el buen primer tiempo realizado en Avellaneda y cayeron 2-0 ante la Academia, que tuvo a Saja y Hauche como goleadores.<\/b><\/p>\n<p>&nbsp;<\/p>\n<p style=\"text-align: justify;\"><strong>FORMACIONES:<\/strong><\/p>\n<p><b>Racing:\u00a0<\/b>Sebasti\u00e1n Saja; Esteban Saveljich, Yonathan Cabral, Mat\u00edas Cahais, Claudio Corval\u00e1n; Diego Villar, Bruno Zuculini, Gast\u00f3n Campi, Rodrigo De Paul; Valent\u00edn Viola y Luciano Vietto.\u00a0<b>DT:\u00a0<\/b>Reinaldo Merlo.<\/p>\n<p><b>Belgrano:\u00a0<\/b>Juan Carlos Olave; Pier Barrios, Luciano Lollo, Lucas Avelda\u00f1o, Juan Quiroga; Emiliano Rigoni, Guillermo Farr\u00e9, Esteban Gonz\u00e1lez, Jorge Vel\u00e1zquez; C\u00e9sar Pereyra y Carlos Bueno.\u00a0<b>DT:\u00a0<\/b>Ricardo Zielinski.<\/p>\n","protected":false},"excerpt":{"rendered":"<p>Los de Ricardo Zielinski no pudieron aprovechar el buen primer tiempo realizado en Avellaneda y cayeron 2-0 ante la Academia, que tuvo a Saja y Hauche como goleadores. &nbsp; FORMACIONES: Racing:\u00a0Sebasti\u00e1n Saja; Esteban Saveljich, Yonathan Cabral, Mat\u00edas Cahais, Claudio Corval\u00e1n; Diego Villar, Bruno Zuculini, Gast\u00f3n Campi, Rodrigo De Paul; Valent\u00edn Viola y Luciano Vietto.\u00a0DT:\u00a0Reinaldo Merlo. [&hellip;]<\/p>\n","protected":false},"author":15,"featured_media":10156,"comment_status":"open","ping_status":"open","sticky":false,"template":"","format":"standard","meta":{"_seopress_robots_primary_cat":"","_seopress_titles_title":"","_seopress_titles_desc":"","_seopress_robots_index":"","footnotes":""},"categories":[2,16],"tags":[37,106,1816,550],"class_list":["post-10121","post","type-post","status-publish","format-standard","has-post-thumbnail","hentry","category-futbol","category-primera-division","tag-belgrano","tag-racing","tag-torneo-final","tag-zielinski"],"_links":{"self":[{"href":"https:\/\/www.cordobatimes.com\/deportes\/wp-json\/wp\/v2\/posts\/10121","targetHints":{"allow":["GET"]}}],"collection":[{"href":"https:\/\/www.cordobatimes.com\/deportes\/wp-json\/wp\/v2\/posts"}],"about":[{"href":"https:\/\/www.cordobatimes.com\/deportes\/wp-json\/wp\/v2\/types\/post"}],"author":[{"embeddable":true,"href":"https:\/\/www.cordobatimes.com\/deportes\/wp-json\/wp\/v2\/users\/15"}],"replies":[{"embeddable":true,"href":"https:\/\/www.cordobatimes.com\/deportes\/wp-json\/wp\/v2\/comments?post=10121"}],"version-history":[{"count":0,"href":"https:\/\/www.cordobatimes.com\/deportes\/wp-json\/wp\/v2\/posts\/10121\/revisions"}],"wp:featuredmedia":[{"embeddable":true,"href":"https:\/\/www.cordobatimes.com\/deportes\/wp-json\/wp\/v2\/media\/10156"}],"wp:attachment":[{"href":"https:\/\/www.cordobatimes.com\/deportes\/wp-json\/wp\/v2\/media?parent=10121"}],"wp:term":[{"taxonomy":"category","embeddable":true,"href":"https:\/\/www.cordobatimes.com\/deportes\/wp-json\/wp\/v2\/categories?post=10121"},{"taxonomy":"post_tag","embeddable":true,"href":"https:\/\/www.cordobatimes.com\/deportes\/wp-json\/wp\/v2\/tags?post=10121"}],"curies":[{"name":"wp","href":"https:\/\/api.w.org\/{rel}","templated":true}]}}