{"id":10096,"date":"2014-03-21T10:57:27","date_gmt":"2014-03-21T13:57:27","guid":{"rendered":"http:\/\/www.cordobatimes.com\/deportes\/?p=10096"},"modified":"2014-03-21T13:00:43","modified_gmt":"2014-03-21T16:00:43","slug":"gabriel-heinze-anuncio-su-retiro-del-futbol","status":"publish","type":"post","link":"https:\/\/www.cordobatimes.com\/deportes\/futbol\/2014\/03\/21\/gabriel-heinze-anuncio-su-retiro-del-futbol\/","title":{"rendered":"Gabriel Heinze anunci\u00f3 su retiro del f\u00fatbol"},"content":{"rendered":"<p style=\"text-align: center;\"><a href=\"http:\/\/www.cordobatimes.com\/deportes\/wp-content\/uploads\/2014\/03\/Heinze.jpg\"><img loading=\"lazy\" decoding=\"async\" class=\"size-full wp-image-10099 aligncenter\" alt=\"Heinze\" src=\"http:\/\/www.cordobatimes.com\/deportes\/wp-content\/uploads\/2014\/03\/Heinze.jpg\" width=\"621\" height=\"465\" data-id=\"10099\" srcset=\"https:\/\/www.cordobatimes.com\/deportes\/wp-content\/uploads\/2014\/03\/Heinze.jpg 621w, https:\/\/www.cordobatimes.com\/deportes\/wp-content\/uploads\/2014\/03\/Heinze-300x224.jpg 300w\" sizes=\"auto, (max-width: 621px) 100vw, 621px\" \/><\/a><\/p>\n<h3><strong>El defensor envi\u00f3 un comunicado a trav\u00e9s de la p\u00e1gina web oficial de Newell`s. &#8220;Quiero contarles que al final de esta temporada no ser\u00e9 m\u00e1s jugador del club&#8221;, fueron algunas de sus palabras. Entr\u00e1 y mir\u00e1 el comunicado del ex central de la selecci\u00f3n argentina.<\/strong><\/h3>\n<p>&nbsp;<\/p>\n<p>Gabriel Heinze, el &#8220;Gringo&#8221;, seguramente quedar\u00e1 en la historia de la Lepra rosarina. Tras su debut oficial en la temporada 1997-1998 con la camiseta del club de sus amores, sigui\u00f3 su carrera en el f\u00fatbol europeo, pasando por las ligas de Espa\u00f1a, Portugal, Francia, Italia e Inglaterra. Tras su campa\u00f1a fuera del pa\u00eds, adem\u00e1s de disputar el mundial de Corea-Jap\u00f3n 2002, tom\u00f3 la determinaci\u00f3n de regresar para terminar su carrera con la misma camiseta con la que dio sus primeros pasos en Primera.<\/p>\n<p>Hace algunas horas, el ex Manchester United, PSG y Real Madrid, entre sus cuadros m\u00e1s destacados, anunci\u00f3 que dejar\u00e1 la actividad deportiva debido a sus imposibilidades f\u00edsicas. &#8220;Como todo en la vida, los sue\u00f1os tambi\u00e9n se terminan. Ser parte del club m\u00e1s lindo de la Argentina siempre lo llevar\u00e9 en el coraz\u00f3n&#8221;, fueron sus primeras l\u00edneas en una carta que seguramente emocionar\u00e1 a muchos hinchas. Luego, en otro fragment\u00f3, expres\u00f3 su cari\u00f1o con la instituci\u00f3n que actualmente representa: &#8220;Jugar\u00eda toda mi vida en Newell&#8217;s, pero s\u00e9 que no debo ser ego\u00edsta: el amor por los colores tambi\u00e9n se demuestra con actitudes responsables y con gratitud a una instituci\u00f3n que s\u00f3lo me regal\u00f3 alegr\u00edas.&#8221;<\/p>\n<p>Te dejamos el comunicado completo:<\/p>\n<p><strong>&#8220;A la familia de Newell&#8217;s Old Boys:<\/strong><\/p>\n<p>Como todo en la vida, los sue\u00f1os tambi\u00e9n se terminan. Ser parte del club m\u00e1s lindo de la Argentina siempre lo llevar\u00e9 en el coraz\u00f3n. Quiero contarles que al final de esta temporada no ser\u00e9 m\u00e1s jugador del club. Esta vez, lamentablemente, no puedo contra la realidad de mi cuerpo, que me plantea un partido que no encuentro forma de ganar.<\/p>\n<p>Jugar\u00eda toda mi vida en Newell&#8217;s, pero s\u00e9 que no debo ser ego\u00edsta: el amor por los colores tambi\u00e9n se demuestra con actitudes responsables y con gratitud a una instituci\u00f3n que s\u00f3lo me regal\u00f3 alegr\u00edas.<\/p>\n<p>Lleg\u00f3 la hora de dar por finalizado mi v\u00ednculo contractual con N.O.B., aunque cumplir\u00e9 lo firmado y honrar\u00e9 mi palabra. Y, sobretodo, dar\u00e9 lo mejor de m\u00ed en los meses que siguen, porque siempre estar\u00e1 la instituci\u00f3n por delante.<\/p>\n<p>Conf\u00edo en que la dirigencia del club destine el dinero que resigno a las divisiones inferiores, donde siento que est\u00e1 el futuro de todos los que queremos a Newell&#8217;s.\u00a0 Ese es mi deseo, que expresa mi eterna fidelidad como hincha.<\/p>\n<p>Les mando un fuerte abrazo,<\/p>\n<p><strong>Gaby Heinze.&#8221;<\/strong><\/p>\n<p><iframe loading=\"lazy\" src=\"\/\/www.youtube.com\/embed\/sHAu7651Eog\" height=\"315\" width=\"560\" allowfullscreen=\"\" frameborder=\"0\"><\/iframe><\/p>\n","protected":false},"excerpt":{"rendered":"<p>El defensor envi\u00f3 un comunicado a trav\u00e9s de la p\u00e1gina web oficial de Newell`s. &#8220;Quiero contarles que al final de esta temporada no ser\u00e9 m\u00e1s jugador del club&#8221;, fueron algunas de sus palabras. Entr\u00e1 y mir\u00e1 el comunicado del ex central de la selecci\u00f3n argentina. &nbsp; Gabriel Heinze, el &#8220;Gringo&#8221;, seguramente quedar\u00e1 en la historia [&hellip;]<\/p>\n","protected":false},"author":2,"featured_media":10099,"comment_status":"open","ping_status":"open","sticky":false,"template":"","format":"standard","meta":{"_seopress_robots_primary_cat":"","_seopress_titles_title":"","_seopress_titles_desc":"","_seopress_robots_index":"","footnotes":""},"categories":[2,16],"tags":[2219,2220],"class_list":["post-10096","post","type-post","status-publish","format-standard","has-post-thumbnail","hentry","category-futbol","category-primera-division","tag-heinze-anuncio-su-retiro-del-futbol","tag-newells-old-boys"],"_links":{"self":[{"href":"https:\/\/www.cordobatimes.com\/deportes\/wp-json\/wp\/v2\/posts\/10096","targetHints":{"allow":["GET"]}}],"collection":[{"href":"https:\/\/www.cordobatimes.com\/deportes\/wp-json\/wp\/v2\/posts"}],"about":[{"href":"https:\/\/www.cordobatimes.com\/deportes\/wp-json\/wp\/v2\/types\/post"}],"author":[{"embeddable":true,"href":"https:\/\/www.cordobatimes.com\/deportes\/wp-json\/wp\/v2\/users\/2"}],"replies":[{"embeddable":true,"href":"https:\/\/www.cordobatimes.com\/deportes\/wp-json\/wp\/v2\/comments?post=10096"}],"version-history":[{"count":0,"href":"https:\/\/www.cordobatimes.com\/deportes\/wp-json\/wp\/v2\/posts\/10096\/revisions"}],"wp:featuredmedia":[{"embeddable":true,"href":"https:\/\/www.cordobatimes.com\/deportes\/wp-json\/wp\/v2\/media\/10099"}],"wp:attachment":[{"href":"https:\/\/www.cordobatimes.com\/deportes\/wp-json\/wp\/v2\/media?parent=10096"}],"wp:term":[{"taxonomy":"category","embeddable":true,"href":"https:\/\/www.cordobatimes.com\/deportes\/wp-json\/wp\/v2\/categories?post=10096"},{"taxonomy":"post_tag","embeddable":true,"href":"https:\/\/www.cordobatimes.com\/deportes\/wp-json\/wp\/v2\/tags?post=10096"}],"curies":[{"name":"wp","href":"https:\/\/api.w.org\/{rel}","templated":true}]}}