{"id":10071,"date":"2014-03-20T23:55:19","date_gmt":"2014-03-21T02:55:19","guid":{"rendered":"http:\/\/www.cordobatimes.com\/deportes\/?p=10071"},"modified":"2014-03-20T23:56:42","modified_gmt":"2014-03-21T02:56:42","slug":"san-lorenzo-busca-la-punta-en-la-copa-contra-union-espanola","status":"publish","type":"post","link":"https:\/\/www.cordobatimes.com\/deportes\/futbol\/2014\/03\/20\/san-lorenzo-busca-la-punta-en-la-copa-contra-union-espanola\/","title":{"rendered":"Libertadores: San Lorenzo perdi\u00f3 con Uni\u00f3n Espa\u00f1ola"},"content":{"rendered":"<h3 style=\"text-align: justify;\"><strong><a href=\"http:\/\/www.cordobatimes.com\/deportes\/wp-content\/uploads\/2014\/03\/casla.jpg\"><img loading=\"lazy\" decoding=\"async\" class=\"alignnone size-full wp-image-10092\" style=\"margin: 5px;\" alt=\"casla\" src=\"http:\/\/www.cordobatimes.com\/deportes\/wp-content\/uploads\/2014\/03\/casla.jpg\" width=\"1170\" height=\"658\" data-id=\"10092\" srcset=\"https:\/\/www.cordobatimes.com\/deportes\/wp-content\/uploads\/2014\/03\/casla.jpg 1170w, https:\/\/www.cordobatimes.com\/deportes\/wp-content\/uploads\/2014\/03\/casla-300x168.jpg 300w, https:\/\/www.cordobatimes.com\/deportes\/wp-content\/uploads\/2014\/03\/casla-1024x575.jpg 1024w\" sizes=\"auto, (max-width: 1170px) 100vw, 1170px\" \/><\/a>El &#8220;cicl\u00f3n&#8221; desperdici\u00f3 la chanche de quedar puntero en su grupo y cay\u00f3 en Chile por 1 a 0. El \u00fanico gol del encuentro lo marc\u00f3 Gustavo Canales de cabeza, a los 21 minutos del segundo tiempo.<br \/>\n<\/strong><\/h3>\n<p>&nbsp;<\/p>\n<p style=\"text-align: justify;\">San Lorenzo perdi\u00f3 por la m\u00ednima ante Uni\u00f3n Espa\u00f1ola y perdi\u00f3 tres puntos vitales de cara a la clasificaci\u00f3n a los octavos de final de la Copa Libertadores. El gol lo marc\u00f3 el ex River, Gustavo Canales, de cabeza a los 21 minutos del complemento. Se fue expulsado Cetto.<\/p>\n<p style=\"text-align: justify;\">El grupo 2 es liderado por Botafogo de Brasil con 7 puntos, le sigue Uni\u00f3n Espa\u00f1ola con 6, y luego se ubican Independiente del Valle de Ecuador y San Lorenzo igualados con 4 unidades.<\/p>\n<p><strong>Posibles formaciones<\/strong><\/p>\n<p style=\"text-align: justify;\">Uni\u00f3n Espa\u00f1ola: Diego S\u00e1nchez; Sebasti\u00e1n Miranda, Jorge Ampuero, Mat\u00edas Navarrete y Nicol\u00e1s Berardo; Lorenzo Faravelli o Gonzalo Villagra, Luis Pavez y Cristian Ch\u00e1vez; Carlos Salom, Gustavo Canales y Mat\u00edas Campos Toro. DT: Jos\u00e9 Luis Sierra.<\/p>\n<p style=\"text-align: justify;\">San Lorenzo: Sebasti\u00e1n Torrico; Mauro Cetto, Fabricio Fontanini y Santiago Gentiletti; Julio Buffarini, Juan Mercier, N\u00e9stor Ortigoza y Emanuel M\u00e1s; H\u00e9ctor Villalba; Mauro Matos y Nicol\u00e1s Blandi. DT: Edgardo Bauza.<\/p>\n<p>&nbsp;<\/p>\n","protected":false},"excerpt":{"rendered":"<p>El &#8220;cicl\u00f3n&#8221; desperdici\u00f3 la chanche de quedar puntero en su grupo y cay\u00f3 en Chile por 1 a 0. El \u00fanico gol del encuentro lo marc\u00f3 Gustavo Canales de cabeza, a los 21 minutos del segundo tiempo. &nbsp; San Lorenzo perdi\u00f3 por la m\u00ednima ante Uni\u00f3n Espa\u00f1ola y perdi\u00f3 tres puntos vitales de cara a [&hellip;]<\/p>\n","protected":false},"author":5,"featured_media":10092,"comment_status":"open","ping_status":"open","sticky":false,"template":"","format":"standard","meta":{"_seopress_robots_primary_cat":"","_seopress_titles_title":"","_seopress_titles_desc":"","_seopress_robots_index":"","footnotes":""},"categories":[21,2],"tags":[219,313,2123],"class_list":["post-10071","post","type-post","status-publish","format-standard","has-post-thumbnail","hentry","category-copa-libertadores","category-futbol","tag-copa-libertadores-2","tag-san-lorenzo"],"_links":{"self":[{"href":"https:\/\/www.cordobatimes.com\/deportes\/wp-json\/wp\/v2\/posts\/10071","targetHints":{"allow":["GET"]}}],"collection":[{"href":"https:\/\/www.cordobatimes.com\/deportes\/wp-json\/wp\/v2\/posts"}],"about":[{"href":"https:\/\/www.cordobatimes.com\/deportes\/wp-json\/wp\/v2\/types\/post"}],"author":[{"embeddable":true,"href":"https:\/\/www.cordobatimes.com\/deportes\/wp-json\/wp\/v2\/users\/5"}],"replies":[{"embeddable":true,"href":"https:\/\/www.cordobatimes.com\/deportes\/wp-json\/wp\/v2\/comments?post=10071"}],"version-history":[{"count":0,"href":"https:\/\/www.cordobatimes.com\/deportes\/wp-json\/wp\/v2\/posts\/10071\/revisions"}],"wp:featuredmedia":[{"embeddable":true,"href":"https:\/\/www.cordobatimes.com\/deportes\/wp-json\/wp\/v2\/media\/10092"}],"wp:attachment":[{"href":"https:\/\/www.cordobatimes.com\/deportes\/wp-json\/wp\/v2\/media?parent=10071"}],"wp:term":[{"taxonomy":"category","embeddable":true,"href":"https:\/\/www.cordobatimes.com\/deportes\/wp-json\/wp\/v2\/categories?post=10071"},{"taxonomy":"post_tag","embeddable":true,"href":"https:\/\/www.cordobatimes.com\/deportes\/wp-json\/wp\/v2\/tags?post=10071"}],"curies":[{"name":"wp","href":"https:\/\/api.w.org\/{rel}","templated":true}]}}