{"id":10036,"date":"2014-03-19T23:03:38","date_gmt":"2014-03-20T02:03:38","guid":{"rendered":"http:\/\/www.cordobatimes.com\/deportes\/?p=10036"},"modified":"2014-03-19T23:03:38","modified_gmt":"2014-03-20T02:03:38","slug":"instituto-gano-y-quedo-a-un-punto-del-ascenso","status":"publish","type":"post","link":"https:\/\/www.cordobatimes.com\/deportes\/futbol\/2014\/03\/19\/instituto-gano-y-quedo-a-un-punto-del-ascenso\/","title":{"rendered":"Instituto gan\u00f3 y qued\u00f3 a un punto del ascenso"},"content":{"rendered":"<h3 style=\"text-align: justify;\"><a href=\"http:\/\/www.cordobatimes.com\/deportes\/wp-content\/uploads\/2014\/03\/instituto-hur.jpg\"><img loading=\"lazy\" decoding=\"async\" class=\"aligncenter size-full wp-image-10037\" alt=\"instituto hur\" src=\"http:\/\/www.cordobatimes.com\/deportes\/wp-content\/uploads\/2014\/03\/instituto-hur.jpg\" width=\"900\" height=\"506\" data-id=\"10037\" srcset=\"https:\/\/www.cordobatimes.com\/deportes\/wp-content\/uploads\/2014\/03\/instituto-hur.jpg 900w, https:\/\/www.cordobatimes.com\/deportes\/wp-content\/uploads\/2014\/03\/instituto-hur-300x168.jpg 300w\" sizes=\"auto, (max-width: 900px) 100vw, 900px\" \/><\/a><\/h3>\n<h3 style=\"text-align: justify;\"><strong>El conjunto de Alta C\u00f3rdoba venci\u00f3 1 a 0 a Hurac\u00e1n y se puso a una unidad de Independiente de Avellaneda que se encuentra en el \u00faltimo puesto para subir a primera. Mir\u00e1 el \u00fanico tanto del encuentro convertido por Juan Mart\u00edn.<\/strong><\/h3>\n<p>&nbsp;<\/p>\n<p style=\"text-align: justify;\">Alta C\u00f3rdoba est\u00e1 de fiesta, es que el equipo de Daniel &#8220;Miliki&#8221; Gim\u00e9nez logr\u00f3 una importante victoria ante Hurac\u00e1n de Parque Patricios por 1 a 0 gracias al tanto de Juan Mart\u00edn a los 35&#8242; de la primera etapa.<\/p>\n<p style=\"text-align: justify;\">La Gloria jug\u00f3 un gran partido y pudo liquidarlo en varias ocasiones. Pero igualmente, el equipo de Kudelka -ex dt de Insituto- lo luch\u00f3 hasta el final y tuvo alguna situaci\u00f3n para lograr el empate, aunque nunca fue profundo en ataque.<\/p>\n<p style=\"text-align: justify;\">Este resultado dej\u00f3 a Instituto en el cuarto lugar de la tabla de posiciones, a s\u00f3lo un punto de Independiente &#8211;<span style=\"color: #0000ff;\"><a title=\"Independiente empat\u00f3 de local ante Villa San Carlos\" href=\"http:\/\/www.cordobatimes.com\/deportes\/futbol\/2014\/03\/19\/independiente-empato-de-local-ante-villa-san-carlos\/\" target=\"_blank\"><span style=\"color: #0000ff;\">empat\u00f3 ante Villa San Carlos<\/span><\/a><\/span>&#8211; que ocupa el \u00faltimo cupo para subir a primera divisi\u00f3n. Falta mucho, pero el sue\u00f1o del ascenso est\u00e1 cada vez m\u00e1s cerca.<\/p>\n<p style=\"text-align: justify;\"><strong>Mir\u00e1 el gol de Juan Mart\u00edn:<\/strong><\/p>\n<p><iframe loading=\"lazy\" src=\"\/\/www.youtube.com\/embed\/Bwq4VF7HRGE\" height=\"315\" width=\"560\" allowfullscreen=\"\" frameborder=\"0\"><\/iframe><\/p>\n<p style=\"text-align: justify;\"><strong>Formaciones:<\/strong><\/p>\n<p style=\"text-align: justify;\"><strong>Instituto:<\/strong>\u00a0Julio Chiarini;Abel Masuero, Pablo Frontini, Dami\u00e1n Schmidt, Pablo De Miranda; Emiliano Tellechea, Maximiliano Correa, Federico Vismara, Lucas Favalli; Pablo Burzio, Juan Mart\u00edn. DT:Daniel Jim\u00e9nez.<\/p>\n<p style=\"text-align: justify;\"><strong>Hurac\u00e1n:<\/strong>\u00a0Gast\u00f3n Monz\u00f3n; Germ\u00e1n Mandarino, Federico Mancinelli, V\u00edctor Cuesta, Carlos Arano; Alejandro Capurro, Lucas Villarruel, Patricio Toranzo, Mat\u00edas Defederico; Ram\u00f3n \u00c1bila, Leandro Caruso. DT:Frank Kudelka.<\/p>\n<p style=\"text-align: justify;\"><strong>Cancha:<\/strong>\u00a0Instituto.<\/p>\n<p style=\"text-align: justify;\"><strong>\u00c1rbitro:<\/strong>\u00a0Fernando Espinoza.<\/p>\n","protected":false},"excerpt":{"rendered":"<p>El conjunto de Alta C\u00f3rdoba venci\u00f3 1 a 0 a Hurac\u00e1n y se puso a una unidad de Independiente de Avellaneda que se encuentra en el \u00faltimo puesto para subir a primera. Mir\u00e1 el \u00fanico tanto del encuentro convertido por Juan Mart\u00edn. &nbsp; Alta C\u00f3rdoba est\u00e1 de fiesta, es que el equipo de Daniel &#8220;Miliki&#8221; [&hellip;]<\/p>\n","protected":false},"author":10,"featured_media":10037,"comment_status":"open","ping_status":"open","sticky":false,"template":"","format":"standard","meta":{"_seopress_robots_primary_cat":"","_seopress_titles_title":"","_seopress_titles_desc":"","_seopress_robots_index":"","footnotes":""},"categories":[2,17],"tags":[526,559,349,1109,35,2212,2213,330],"class_list":["post-10036","post","type-post","status-publish","format-standard","has-post-thumbnail","hentry","category-futbol","category-nacional-b","tag-hu","tag-alta-cordoba","tag-ascenso","tag-avila","tag-instituto","tag-juan-martin","tag-miliki-gimenez","tag-nacional-b-2"],"_links":{"self":[{"href":"https:\/\/www.cordobatimes.com\/deportes\/wp-json\/wp\/v2\/posts\/10036","targetHints":{"allow":["GET"]}}],"collection":[{"href":"https:\/\/www.cordobatimes.com\/deportes\/wp-json\/wp\/v2\/posts"}],"about":[{"href":"https:\/\/www.cordobatimes.com\/deportes\/wp-json\/wp\/v2\/types\/post"}],"author":[{"embeddable":true,"href":"https:\/\/www.cordobatimes.com\/deportes\/wp-json\/wp\/v2\/users\/10"}],"replies":[{"embeddable":true,"href":"https:\/\/www.cordobatimes.com\/deportes\/wp-json\/wp\/v2\/comments?post=10036"}],"version-history":[{"count":0,"href":"https:\/\/www.cordobatimes.com\/deportes\/wp-json\/wp\/v2\/posts\/10036\/revisions"}],"wp:featuredmedia":[{"embeddable":true,"href":"https:\/\/www.cordobatimes.com\/deportes\/wp-json\/wp\/v2\/media\/10037"}],"wp:attachment":[{"href":"https:\/\/www.cordobatimes.com\/deportes\/wp-json\/wp\/v2\/media?parent=10036"}],"wp:term":[{"taxonomy":"category","embeddable":true,"href":"https:\/\/www.cordobatimes.com\/deportes\/wp-json\/wp\/v2\/categories?post=10036"},{"taxonomy":"post_tag","embeddable":true,"href":"https:\/\/www.cordobatimes.com\/deportes\/wp-json\/wp\/v2\/tags?post=10036"}],"curies":[{"name":"wp","href":"https:\/\/api.w.org\/{rel}","templated":true}]}}