{"id":10021,"date":"2014-03-19T21:08:47","date_gmt":"2014-03-20T00:08:47","guid":{"rendered":"http:\/\/www.cordobatimes.com\/deportes\/?p=10021"},"modified":"2014-03-19T21:08:47","modified_gmt":"2014-03-20T00:08:47","slug":"los-pumas-enfrentaran-a-sudafrica-en-salta","status":"publish","type":"post","link":"https:\/\/www.cordobatimes.com\/deportes\/polideportivo\/2014\/03\/19\/los-pumas-enfrentaran-a-sudafrica-en-salta\/","title":{"rendered":"Los Pumas enfrentar\u00e1n a Sud\u00e1frica en Salta"},"content":{"rendered":"<h3 style=\"text-align: justify;\"><a href=\"http:\/\/www.cordobatimes.com\/deportes\/wp-content\/uploads\/2014\/03\/pumass.jpg\"><img loading=\"lazy\" decoding=\"async\" class=\"aligncenter size-full wp-image-10022\" alt=\"pumass\" src=\"http:\/\/www.cordobatimes.com\/deportes\/wp-content\/uploads\/2014\/03\/pumass.jpg\" width=\"660\" height=\"370\" data-id=\"10022\" srcset=\"https:\/\/www.cordobatimes.com\/deportes\/wp-content\/uploads\/2014\/03\/pumass.jpg 660w, https:\/\/www.cordobatimes.com\/deportes\/wp-content\/uploads\/2014\/03\/pumass-300x168.jpg 300w\" sizes=\"auto, (max-width: 660px) 100vw, 660px\" \/><\/a><\/h3>\n<h3 style=\"text-align: justify;\"><strong>La Uni\u00f3n Argentina de Rugby (UAR) present\u00f3 oficialmente en una conferencia de prensa el encuentro que disputar\u00e1n ante el seleccionado Africano, el pr\u00f3ximo 23 de agosto en el estadio Padre Martearena,\u00a0por la segunda fecha del torneo Rugby Championship.<\/strong><\/h3>\n<p>&nbsp;<\/p>\n<p style=\"text-align: justify;\">La reuni\u00f3n, llevada a cabo en la sede social de UAR en Mart\u00ed\u00adnez, cont\u00f3 con las presencias del gobernador de Salta, Juan Manuel Urtubey; el titular de la UAR, Luis Castillo; el vocal Agust\u00ed\u00adn Pichot y el secretario de Deportes de Salta, Federico Abud.<\/p>\n<p style=\"text-align: justify;\">El seleccionado argentino debutar\u00e1 el 16 de agosto frente a Sud\u00e1frica en el estadio Loftus Versfeld de Pretoria y una semana m\u00e1s tarde jugar\u00e1 la revancha frente a Sud\u00e1frica de Salta.<\/p>\n<p style=\"text-align: justify;\">Luego de una semana de receso, el 6 de agosto, Los Pumas chocar\u00e1n con los \u00faltimos campeones, Nueva Zelanda, en el Mc Lean Park de Nepier y por la cuarta fecha jugar\u00e1n el s\u00e1bado 13 frente a Australia en el Skilled Park de Gold Coast, escenario que visitar\u00e1n por segunda vez, ya que en 2012 los Wallabies ganaron 23-19.<\/p>\n<p style=\"text-align: justify;\">En el tramo final del certamen , el s\u00e1bado 27 de septiembre, el seleccionado argentino recibir\u00e1 a los All Blacks en el estadio Ciudad de La Plata y finalizar\u00e1n su participaci\u00f3n el s\u00e1bado 4 de octubre frente a Nueva Zelanda, en el Estadio Malvinas Argentinas de Mendoza.<\/p>\n<p style=\"text-align: justify;\">Fuente: T\u00e9lam<\/p>\n","protected":false},"excerpt":{"rendered":"<p>La Uni\u00f3n Argentina de Rugby (UAR) present\u00f3 oficialmente en una conferencia de prensa el encuentro que disputar\u00e1n ante el seleccionado Africano, el pr\u00f3ximo 23 de agosto en el estadio Padre Martearena,\u00a0por la segunda fecha del torneo Rugby Championship. &nbsp; La reuni\u00f3n, llevada a cabo en la sede social de UAR en Mart\u00ed\u00adnez, cont\u00f3 con las [&hellip;]<\/p>\n","protected":false},"author":10,"featured_media":10022,"comment_status":"open","ping_status":"open","sticky":false,"template":"","format":"standard","meta":{"_seopress_robots_primary_cat":"","_seopress_titles_title":"","_seopress_titles_desc":"","_seopress_robots_index":"","footnotes":""},"categories":[6,8],"tags":[5562,940],"class_list":["post-10021","post","type-post","status-publish","format-standard","has-post-thumbnail","hentry","category-polideportivo","category-rugby","tag-rugby","tag-sudafrica"],"_links":{"self":[{"href":"https:\/\/www.cordobatimes.com\/deportes\/wp-json\/wp\/v2\/posts\/10021","targetHints":{"allow":["GET"]}}],"collection":[{"href":"https:\/\/www.cordobatimes.com\/deportes\/wp-json\/wp\/v2\/posts"}],"about":[{"href":"https:\/\/www.cordobatimes.com\/deportes\/wp-json\/wp\/v2\/types\/post"}],"author":[{"embeddable":true,"href":"https:\/\/www.cordobatimes.com\/deportes\/wp-json\/wp\/v2\/users\/10"}],"replies":[{"embeddable":true,"href":"https:\/\/www.cordobatimes.com\/deportes\/wp-json\/wp\/v2\/comments?post=10021"}],"version-history":[{"count":0,"href":"https:\/\/www.cordobatimes.com\/deportes\/wp-json\/wp\/v2\/posts\/10021\/revisions"}],"wp:featuredmedia":[{"embeddable":true,"href":"https:\/\/www.cordobatimes.com\/deportes\/wp-json\/wp\/v2\/media\/10022"}],"wp:attachment":[{"href":"https:\/\/www.cordobatimes.com\/deportes\/wp-json\/wp\/v2\/media?parent=10021"}],"wp:term":[{"taxonomy":"category","embeddable":true,"href":"https:\/\/www.cordobatimes.com\/deportes\/wp-json\/wp\/v2\/categories?post=10021"},{"taxonomy":"post_tag","embeddable":true,"href":"https:\/\/www.cordobatimes.com\/deportes\/wp-json\/wp\/v2\/tags?post=10021"}],"curies":[{"name":"wp","href":"https:\/\/api.w.org\/{rel}","templated":true}]}}